{"id":32934,"date":"2019-05-23T19:13:44","date_gmt":"2019-05-23T17:13:44","guid":{"rendered":"https:\/\/www.messinaoggi.it\/website\/?p=32934"},"modified":"2019-05-23T19:13:44","modified_gmt":"2019-05-23T17:13:44","slug":"forza-italia-nominato-il-coordinatore-giovani-a-messina-siracusano-scelta-giusta","status":"publish","type":"post","link":"https:\/\/www.messinaoggi.it\/website\/2019\/05\/23\/forza-italia-nominato-il-coordinatore-giovani-a-messina-siracusano-scelta-giusta\/","title":{"rendered":"Forza Italia, nominato il coordinatore giovani a Messina. Siracusano: &quot;Scelta giusta&quot;"},"content":{"rendered":"<p class=\"p1\" style=\"text-align: justify;\"><span class=\"s1\">Nominato il commissario cittadino di Forza Italia giovani a Messina. Si tratta di Sacha Cardile, imprenditore messinese che avr\u00e0 il compito di condurre i giovani \u00a0azzurri al congresso. <\/span><div id=\"div-gpt-ad-Messinaoggi.it-DSK-300x250-corpoart\" style=\"text-align:center;margin:0 auto;\"><\/div><\/p>\n<p class=\"p1\" style=\"text-align: justify;\"><span class=\"s1\">A margine della nomina, la deputata di Forza Italia alla Camera, on. Matilde Siracusano, dichiara: \u201c<em>Il mio ringraziamento va a Stefano Cavedagna coordinatore nazionale di FI giovani e Dario Moscato vice coordinatore nazionale nonch\u00e9 coordinatore regionale Fi giovani. Sacha \u00e8 la persona ideale per trainare il movimento al prossimo Congresso. Messina sta acquistando un ruolo sempre pi\u00f9 marcato all\u2019interno del panorama politico regionale. \u00c8 per tale motivo che occorre puntare sulla competenza e seriet\u00e0, requisiti che Cardile ha dimostrato di possedere<\/em>\u201d.<\/span><div id=\"videoincontent\" style=\"clear:both\";><\/div><\/p>\n","protected":false},"excerpt":{"rendered":"<p>Nominato il commissario cittadino di Forza Italia giovani a Messina. Si tratta di Sacha Cardile, imprenditore messinese che avr\u00e0 il compito di condurre i giovani \u00a0azzurri al congresso. A margine della nomina, la deputata di Forza Italia alla Camera, on. Matilde Siracusano, dichiara: \u201cIl mio ringraziamento va a Stefano Cavedagna coordinatore nazionale di FI giovani [&hellip;]<\/p>\n","protected":false},"author":2,"featured_media":16215,"comment_status":"closed","ping_status":"open","sticky":false,"template":"","format":"standard","meta":{"ub_ctt_via":"","_mi_skip_tracking":false},"categories":[4],"tags":[],"featured_image_src":"https:\/\/www.messinaoggi.it\/website\/wp-content\/uploads\/2018\/02\/thumbnail_IMG-20180220-WA0102-1.jpg","author_info":{"display_name":"Redazione","author_link":"https:\/\/www.messinaoggi.it\/website\/author\/redazione\/"},"digistream_id":0,"digistream":false,"_links":{"self":[{"href":"https:\/\/www.messinaoggi.it\/website\/wp-json\/wp\/v2\/posts\/32934"}],"collection":[{"href":"https:\/\/www.messinaoggi.it\/website\/wp-json\/wp\/v2\/posts"}],"about":[{"href":"https:\/\/www.messinaoggi.it\/website\/wp-json\/wp\/v2\/types\/post"}],"author":[{"embeddable":true,"href":"https:\/\/www.messinaoggi.it\/website\/wp-json\/wp\/v2\/users\/2"}],"replies":[{"embeddable":true,"href":"https:\/\/www.messinaoggi.it\/website\/wp-json\/wp\/v2\/comments?post=32934"}],"version-history":[{"count":0,"href":"https:\/\/www.messinaoggi.it\/website\/wp-json\/wp\/v2\/posts\/32934\/revisions"}],"wp:featuredmedia":[{"embeddable":true,"href":"https:\/\/www.messinaoggi.it\/website\/wp-json\/wp\/v2\/media\/16215"}],"wp:attachment":[{"href":"https:\/\/www.messinaoggi.it\/website\/wp-json\/wp\/v2\/media?parent=32934"}],"wp:term":[{"taxonomy":"category","embeddable":true,"href":"https:\/\/www.messinaoggi.it\/website\/wp-json\/wp\/v2\/categories?post=32934"},{"taxonomy":"post_tag","embeddable":true,"href":"https:\/\/www.messinaoggi.it\/website\/wp-json\/wp\/v2\/tags?post=32934"}],"curies":[{"name":"wp","href":"https:\/\/api.w.org\/{rel}","templated":true}]}}