{"id":32924,"date":"2019-05-23T12:03:35","date_gmt":"2019-05-23T10:03:35","guid":{"rendered":"https:\/\/www.messinaoggi.it\/website\/?p=32924"},"modified":"2019-05-23T12:03:35","modified_gmt":"2019-05-23T10:03:35","slug":"strage-capaci-la-nave-della-legalita-e-giunta-a-palermo","status":"publish","type":"post","link":"https:\/\/www.messinaoggi.it\/website\/2019\/05\/23\/strage-capaci-la-nave-della-legalita-e-giunta-a-palermo\/","title":{"rendered":"Strage Capaci: la nave della Legalit\u00e0 \u00e8 giunta a Palermo"},"content":{"rendered":"<p>Inizia la lunga giornata di celebrazioni per il 27esimo anniversario della strage di Capaci. Un lungo applauso, i palloncini con i colori del tricolore, i nomi dei giudici Giovanni\u00a0Falcone e Paolo Borsellino, di Francesca Morvillo e degli agenti delle scorte, l&#8217;inno di Mameli e gli striscioni per ribadire che &#8216;Le loro idee camminano sulle nostre gambe&#8217;. Palermo ha accolto cos\u00ec la Nave della Legalit\u00e0, salpata ieri dal porto di Civitavecchia con a bordo 1.500 studenti provenienti da tutta Italia e attraccata intorno alle 8 al porto del capoluogo siciliano. Sulla poppa dell&#8217;imbarcazione come ogni anno \u00e8 stata srotolata la gigantografia che ritrae i giudici Falcone e Borsellino in un sorriso complice. &#8220;Voi ragazzi assumete un compito. Imbarcandovi su questa Nave, compiendo la traversata, sbarcando a Palermo, lanciate un messaggio: la mafia sar\u00e0 sconfitta, sar\u00e0 debellata definitivamente&#8221; ha detto ieri il Capo dello Stato, Sergio Mattarella, salutando i ragazzi a Civitavecchia. E a loro ha ricordato alla vigilia di un anniversario costellato di polemiche e defezioni che &#8220;l&#8217;impegno di Giovanni Falcone, di Paolo Borsellino non \u00e8 scomparso, non si \u00e8 interrotto, \u00e8 stato assunto da tante altre persone con senso del dovere e senso di responsabilit\u00e0&#8221;. Ad accompagnare il piccolo &#8216;esercito&#8217; di studenti nel lungo viaggio che apre le celebrazioni per il 27esimo anniversario della strage di\u00a0Capaci\u00a0sono stati, tra gli altri, i ministri dell&#8217;Istruzione, Marco Bussetti, e della Giustizia, Alfonso Bonafede, il procuratore nazionale Antimafia e Antiterrorismo, Federico Cafiero de Raho, Nando Dalla Chiesa e l&#8217;ex presidente del Senato, Pietro Grasso, ancora una volta a bordo della Nave della legalit\u00e0 per &#8220;un viaggio carico di emozioni e di speranze&#8221;. E al porto di Palermo i ragazzi hanno trovato le delegazioni delle scuole della citt\u00e0 e di tutta la Sicilia, Maria\u00a0Falcone, sorella del giudice antimafia ucciso nella strage di Capaci e presidente della Fondazione\u00a0che porta il suo nome, il sindaco Leoluca Orlando, l&#8217;assessore regionale all&#8217;Istruzione, Roberto Lagalla. Per loro tappa adesso all&#8217;aula bunker del carcere Ucciardone, per assistere alla cerimonia istituzionale nel luogo in cui fu celebrato il primo maxi processo a Cosa Nostra.<div id=\"div-gpt-ad-Messinaoggi.it-DSK-300x250-corpoart\" style=\"text-align:center;margin:0 auto;\"><\/div><\/p>\n<div id=\"videoincontent\" style=\"clear:both\";><\/div>","protected":false},"excerpt":{"rendered":"<p>Inizia la lunga giornata di celebrazioni per il 27esimo anniversario della strage di Capaci. Un lungo applauso, i palloncini con i colori del tricolore, i nomi dei giudici Giovanni\u00a0Falcone e Paolo Borsellino, di Francesca Morvillo e degli agenti delle scorte, l&#8217;inno di Mameli e gli striscioni per ribadire che &#8216;Le loro idee camminano sulle nostre [&hellip;]<\/p>\n","protected":false},"author":2,"featured_media":18475,"comment_status":"closed","ping_status":"open","sticky":false,"template":"","format":"standard","meta":{"ub_ctt_via":"","_mi_skip_tracking":false},"categories":[11],"tags":[],"featured_image_src":"https:\/\/www.messinaoggi.it\/website\/wp-content\/uploads\/2018\/04\/capaci-strage-falcone-mafia-1.jpg","author_info":{"display_name":"Redazione","author_link":"https:\/\/www.messinaoggi.it\/website\/author\/redazione\/"},"digistream_id":0,"digistream":false,"_links":{"self":[{"href":"https:\/\/www.messinaoggi.it\/website\/wp-json\/wp\/v2\/posts\/32924"}],"collection":[{"href":"https:\/\/www.messinaoggi.it\/website\/wp-json\/wp\/v2\/posts"}],"about":[{"href":"https:\/\/www.messinaoggi.it\/website\/wp-json\/wp\/v2\/types\/post"}],"author":[{"embeddable":true,"href":"https:\/\/www.messinaoggi.it\/website\/wp-json\/wp\/v2\/users\/2"}],"replies":[{"embeddable":true,"href":"https:\/\/www.messinaoggi.it\/website\/wp-json\/wp\/v2\/comments?post=32924"}],"version-history":[{"count":0,"href":"https:\/\/www.messinaoggi.it\/website\/wp-json\/wp\/v2\/posts\/32924\/revisions"}],"wp:featuredmedia":[{"embeddable":true,"href":"https:\/\/www.messinaoggi.it\/website\/wp-json\/wp\/v2\/media\/18475"}],"wp:attachment":[{"href":"https:\/\/www.messinaoggi.it\/website\/wp-json\/wp\/v2\/media?parent=32924"}],"wp:term":[{"taxonomy":"category","embeddable":true,"href":"https:\/\/www.messinaoggi.it\/website\/wp-json\/wp\/v2\/categories?post=32924"},{"taxonomy":"post_tag","embeddable":true,"href":"https:\/\/www.messinaoggi.it\/website\/wp-json\/wp\/v2\/tags?post=32924"}],"curies":[{"name":"wp","href":"https:\/\/api.w.org\/{rel}","templated":true}]}}