{"id":32922,"date":"2019-05-23T11:59:28","date_gmt":"2019-05-23T09:59:28","guid":{"rendered":"https:\/\/www.messinaoggi.it\/website\/?p=32922"},"modified":"2019-05-23T11:59:28","modified_gmt":"2019-05-23T09:59:28","slug":"anniversario-strage-di-capaci-limpegno-del-garante-dellinfanzia","status":"publish","type":"post","link":"https:\/\/www.messinaoggi.it\/website\/2019\/05\/23\/anniversario-strage-di-capaci-limpegno-del-garante-dellinfanzia\/","title":{"rendered":"Anniversario strage di Capaci: l&#039;impegno del Garante dell&#039;Infanzia"},"content":{"rendered":"<p style=\"text-align: justify;\">Oggi si ricorda il ventisettesimo anniversario della morte di Giovanni Falcone, della moglie e dei suoi agenti di scorta. Che questa giornata diventi, per i ragazzi e per noi tutti, occasione di riflessione.<div id=\"div-gpt-ad-Messinaoggi.it-DSK-300x250-corpoart\" style=\"text-align:center;margin:0 auto;\"><\/div><\/p>\n<p style=\"text-align: justify;\">La mafia non \u00e8 solo quella delle stragi e degli omicidi; \u00e8 un modo di sentire e di essere. Dietro i nostri silenzi, la nostra indifferenza, le piccole e grandi connivenze si nasconde un modo di pensare e sentire che sa di \u201cPsichismo Mafioso\u201d.<div id=\"videoincontent\" style=\"clear:both\";><\/div><\/p>\n<p style=\"text-align: justify;\">Dietro il bullismo, gli atti vandalici, le prepotenze giornaliere si nascondono i primi semi\/segni di mafia che attecchiscono l\u00ec dove lo Stato arretra.<\/p>\n<p style=\"text-align: justify;\">Giovanni Falcone vive ancora e rappresenta per le vecchie come per le nuove generazioni un faro luminosissimo.<\/p>\n<p style=\"text-align: justify;\">Dobbiamo lavorare tutti insieme perch\u00e9 l\u2019esempio di Giovanni Falcone e di tutte le vittime di mafia possa continuare a vivere nei nostri gesti quotidiani.<\/p>\n<p style=\"text-align: justify;\">Nella famiglia quanto nella scuola si apprendono i primi valori del vivere in una comunit\u00e0 che deve avere come obiettivo la legalit\u00e0 e la solidariet\u00e0.<\/p>\n<p style=\"text-align: justify;\">Dietro gli agiti aggressivi degli adolescenti si nascondono storie di solitudine e di deserto affettivo che spesso sconfinano in vera e propria violenza. Se il dolore affettivo e mentale non trova un contenitore dove essere accolto, raccontato ed elaborato diventa aggressivit\u00e0, violenza, mafia.<\/p>\n<p style=\"text-align: justify;\">\u00c8 per questa ragione che dopo i necessari passaggi che porteranno alla formalizzazione della mia nomina, coinvolger\u00f2 le migliori professionalit\u00e0 della citt\u00e0, che di concerto con tutte le istituzioni, possano lavorare in sinergia per i ragazzi.<\/p>\n<p style=\"text-align: justify;\">Il Garante dell\u2019Infanzia di Messina, avr\u00e0 la sua sede principale nelle scuole della citt\u00e0.<\/p>\n<p style=\"text-align: justify;\">La prima priorit\u00e0 sar\u00e0 la mia presenza nelle scuole l\u00ec dove i Dirigenti scolastici saranno disponibili.<\/p>\n<p style=\"text-align: justify;\">Ho gi\u00e0 ricevuto la disponibilit\u00e0 di numerosi colleghi e associazioni, che ringrazio di cuore, che presteranno la loro professionalit\u00e0 per i bambini e i ragazzi di Messina anche per la promozione della \u201cCultura della Legalit\u00e0\u201d e dei \u201cDiritti dei bambini\u201d. Siamo gi\u00e0 in tanti ma non abbastanza.<\/p>\n<p style=\"text-align: justify;\">Dobbiamo diventare tutti Garanti dei nostri bambini ed \u00e8 per questo che chiedo\u00a0 la disponibilit\u00e0 a collaborare con il Garante dell\u2019infanzia di Messina.<\/p>\n<p style=\"text-align: justify;\">Il Garante dell\u2019Infanzia e dell\u2019Adolescenza del Comune di Messina<\/p>\n<p style=\"text-align: right;\"><strong>Dott. Angelo Costantino\u00a0<\/strong><\/p>\n<p style=\"text-align: right;\"><strong>Garante per l&#8217;Infanzia Messina<\/strong><\/p>\n","protected":false},"excerpt":{"rendered":"<p>Oggi si ricorda il ventisettesimo anniversario della morte di Giovanni Falcone, della moglie e dei suoi agenti di scorta. Che questa giornata diventi, per i ragazzi e per noi tutti, occasione di riflessione. La mafia non \u00e8 solo quella delle stragi e degli omicidi; \u00e8 un modo di sentire e di essere. Dietro i nostri [&hellip;]<\/p>\n","protected":false},"author":2,"featured_media":261,"comment_status":"closed","ping_status":"open","sticky":false,"template":"","format":"standard","meta":{"ub_ctt_via":"","_mi_skip_tracking":false},"categories":[6],"tags":[],"featured_image_src":"https:\/\/www.messinaoggi.it\/website\/wp-content\/uploads\/2017\/05\/giovanni-falcone-2.jpg","author_info":{"display_name":"Redazione","author_link":"https:\/\/www.messinaoggi.it\/website\/author\/redazione\/"},"digistream_id":0,"digistream":false,"_links":{"self":[{"href":"https:\/\/www.messinaoggi.it\/website\/wp-json\/wp\/v2\/posts\/32922"}],"collection":[{"href":"https:\/\/www.messinaoggi.it\/website\/wp-json\/wp\/v2\/posts"}],"about":[{"href":"https:\/\/www.messinaoggi.it\/website\/wp-json\/wp\/v2\/types\/post"}],"author":[{"embeddable":true,"href":"https:\/\/www.messinaoggi.it\/website\/wp-json\/wp\/v2\/users\/2"}],"replies":[{"embeddable":true,"href":"https:\/\/www.messinaoggi.it\/website\/wp-json\/wp\/v2\/comments?post=32922"}],"version-history":[{"count":0,"href":"https:\/\/www.messinaoggi.it\/website\/wp-json\/wp\/v2\/posts\/32922\/revisions"}],"wp:featuredmedia":[{"embeddable":true,"href":"https:\/\/www.messinaoggi.it\/website\/wp-json\/wp\/v2\/media\/261"}],"wp:attachment":[{"href":"https:\/\/www.messinaoggi.it\/website\/wp-json\/wp\/v2\/media?parent=32922"}],"wp:term":[{"taxonomy":"category","embeddable":true,"href":"https:\/\/www.messinaoggi.it\/website\/wp-json\/wp\/v2\/categories?post=32922"},{"taxonomy":"post_tag","embeddable":true,"href":"https:\/\/www.messinaoggi.it\/website\/wp-json\/wp\/v2\/tags?post=32922"}],"curies":[{"name":"wp","href":"https:\/\/api.w.org\/{rel}","templated":true}]}}