{"id":32920,"date":"2019-05-23T11:50:14","date_gmt":"2019-05-23T09:50:14","guid":{"rendered":"https:\/\/www.messinaoggi.it\/website\/?p=32920"},"modified":"2019-05-23T11:50:14","modified_gmt":"2019-05-23T09:50:14","slug":"lavoratori-esubero-alla-sma-trovato-laccordo","status":"publish","type":"post","link":"https:\/\/www.messinaoggi.it\/website\/2019\/05\/23\/lavoratori-esubero-alla-sma-trovato-laccordo\/","title":{"rendered":"Lavoratori esubero alla Sma: trovato l&#039;accordo"},"content":{"rendered":"<div style=\"text-align: justify;\"><span style=\"font-size: large;\">\u00c8 stato siglato l&#8217;accordo di mobilit\u00e0 volontaria per i 264 lavoratori dichiarati in esubero in tutta la rete siciliana della societ\u00e0 Sma. I punti vendita si trovano tra Palermo, Messina, Catania e Siracusa. Lo comunicano la Uiltucs Uil regionale assieme alla Filcams Cgil e alla Fisascat Cisl, \u00a0rappresentate dai segretari generali \u00a0Marianna Flauto, Monia Caiolo e Mimma Calabr\u00f2, che spiegano i termini dell\u2019intesa. Per tutelare gli addetti ai punti vendita o impiegati negli uffici amministrativi e scongiurare i licenziamenti con i criteri previsti dalla legge, \u00e8 stato definito l&#8217;accordo che prevede la volontariet\u00e0 e non opposizione al licenziamento.<\/span><\/div>\n<div style=\"text-align: justify;\"><span style=\"font-size: large;\">Quindi si chiude la procedura con l&#8217;esclusiva adesione volontaria al licenziamento che partir\u00e0 dal primo giugno. In questo caso l\u2019azienda si impegna a erogare un incentivo all\u2019esodo il cui importo aumenta progressivamente in base al numero di mesi mancanti per accedere alla pensione. L\u2019importo dunque pu\u00f2 arrivare fino a 16 mensilit\u00e0 oltre all&#8217;indennit\u00e0 sostitutiva del preavviso ed alle spettanze di fine rapporto. Nel caso in cui dovessero mancare 25 o pi\u00f9 mesi la societ\u00e0 si impegna inoltre a non trattenere alcun importo a quei lavoratori che aderiranno alla procedura e che hanno un residuo negativo di ferie e permessi ed erogher\u00e0 tutte le spettanze previste.<\/span><\/div>\n<div style=\"text-align: justify;\"><span style=\"font-size: large;\">I sindacati sono pronti a un nuovo incontro se in alcuni punti vendita le adesioni all\u2019esodo dovessero richiedere un riequilibrio degli organici.<\/span><\/div>\n<div style=\"text-align: justify;\"><span style=\"font-size: large;\">Le segretarie generali unitariamente dichiarano: &#8220;Si chiude positivamente questa fase senza traumi per i lavoratori dichiarati in esubero avendo sostituito i criteri di legge esclusivamente con quelli della volontariet\u00e0 ed avendo garantito un incentivo a coloro che manifesteranno la volont\u00e0 di accedere al percorso di mobilita. Rimane la \u00a0preoccupazione per il futuro occupazionale di tutti gli altri lavoratori considerato che i supermercati siciliani sono esclusi dal progetto di acquisizione del gruppo Auchan retail Italia da parte di Conad.<\/span><\/div>\n<div style=\"text-align: justify;\"><span style=\"font-size: large;\">Il Gruppo Arena ha manifestato l&#8217;interesse ad acquisire la rete Sma in Sicilia ma ancora molti dubbi e tante incertezze permangono. Ci auguriamo che l&#8217;eventuale cessione di realizzi senza traumi per i lavoratori e per le loro condizioni contrattuali ed economiche&#8221;. Il segretario generale Uiltucs Sicilia, Marianna Flauto aggiunge che &#8220;anche per i lavoratori della logistica che movimentano i colli per Sma e che sono stato terziarizzati si nutrono forti preoccupazioni per la garanzia dei loro livelli occupazionali. Metteremo in campo ogni iniziativa che possa sensibilizzare chi subentra a tenere conto di questo bacino di lavoratori che devono essere garantiti&#8221;.<\/span><\/div>\n<div id=\"div-gpt-ad-Messinaoggi.it-DSK-300x250-corpoart\" style=\"text-align:center;margin:0 auto;\"><\/div><\/p><div id=\"videoincontent\" style=\"clear:both\";><\/div>","protected":false},"excerpt":{"rendered":"<p>\u00c8 stato siglato l&#8217;accordo di mobilit\u00e0 volontaria per i 264 lavoratori dichiarati in esubero in tutta la rete siciliana della societ\u00e0 Sma. I punti vendita si trovano tra Palermo, Messina, Catania e Siracusa. Lo comunicano la Uiltucs Uil regionale assieme alla Filcams Cgil e alla Fisascat Cisl, \u00a0rappresentate dai segretari generali \u00a0Marianna Flauto, Monia Caiolo [&hellip;]<\/p>\n","protected":false},"author":2,"featured_media":32624,"comment_status":"closed","ping_status":"open","sticky":false,"template":"","format":"standard","meta":{"ub_ctt_via":"","_mi_skip_tracking":false},"categories":[6],"tags":[],"featured_image_src":"https:\/\/www.messinaoggi.it\/website\/wp-content\/uploads\/2019\/05\/grocery-15.jpg","author_info":{"display_name":"Redazione","author_link":"https:\/\/www.messinaoggi.it\/website\/author\/redazione\/"},"digistream_id":0,"digistream":false,"_links":{"self":[{"href":"https:\/\/www.messinaoggi.it\/website\/wp-json\/wp\/v2\/posts\/32920"}],"collection":[{"href":"https:\/\/www.messinaoggi.it\/website\/wp-json\/wp\/v2\/posts"}],"about":[{"href":"https:\/\/www.messinaoggi.it\/website\/wp-json\/wp\/v2\/types\/post"}],"author":[{"embeddable":true,"href":"https:\/\/www.messinaoggi.it\/website\/wp-json\/wp\/v2\/users\/2"}],"replies":[{"embeddable":true,"href":"https:\/\/www.messinaoggi.it\/website\/wp-json\/wp\/v2\/comments?post=32920"}],"version-history":[{"count":0,"href":"https:\/\/www.messinaoggi.it\/website\/wp-json\/wp\/v2\/posts\/32920\/revisions"}],"wp:featuredmedia":[{"embeddable":true,"href":"https:\/\/www.messinaoggi.it\/website\/wp-json\/wp\/v2\/media\/32624"}],"wp:attachment":[{"href":"https:\/\/www.messinaoggi.it\/website\/wp-json\/wp\/v2\/media?parent=32920"}],"wp:term":[{"taxonomy":"category","embeddable":true,"href":"https:\/\/www.messinaoggi.it\/website\/wp-json\/wp\/v2\/categories?post=32920"},{"taxonomy":"post_tag","embeddable":true,"href":"https:\/\/www.messinaoggi.it\/website\/wp-json\/wp\/v2\/tags?post=32920"}],"curies":[{"name":"wp","href":"https:\/\/api.w.org\/{rel}","templated":true}]}}