{"id":32903,"date":"2019-05-22T17:37:41","date_gmt":"2019-05-22T15:37:41","guid":{"rendered":"https:\/\/www.messinaoggi.it\/website\/?p=32903"},"modified":"2019-05-22T17:37:41","modified_gmt":"2019-05-22T15:37:41","slug":"germana-la-leadership-di-micciche-non-e-in-discussione","status":"publish","type":"post","link":"https:\/\/www.messinaoggi.it\/website\/2019\/05\/22\/germana-la-leadership-di-micciche-non-e-in-discussione\/","title":{"rendered":"German\u00e0: &quot;La leadership di Miccich\u00e8 non \u00e8 in discussione&quot;"},"content":{"rendered":"<p style=\"text-align: justify;\">La discussione interna a Forza Italia sulla leadership di Gianfranco Micciche&#8217; in SICILIA e&#8217; incomprensibile. Il contributo giunto dalla SICILIA alla media nazionale delle percentuali del partito e&#8217; sempre stato determinante in occasione di ogni tipo di elezione ed e&#8217; stato meno significativo proprio quando c&#8217;e&#8217; stato un avvicendamento ai vertici del coordinamento regionale. Una flessione poi immediatamente rientrata con il ritorno di Micciche&#8217; con il quale si sono registrate percentuali nuovamente altissime per Forza Italia&#8221;.<div id=\"div-gpt-ad-Messinaoggi.it-DSK-300x250-corpoart\" style=\"text-align:center;margin:0 auto;\"><\/div><\/p>\n<p style=\"text-align: justify;\">Lo scrive in una nota, il deputato di Forza Italia, Nino Germana&#8217;. &#8220;La storia non si puo&#8217; cancellare &#8211; aggiunge &#8211; e chi oggi delegittima Micciche&#8217; arreca gravissimi danni al partito ed al presidente Berlusconi. Forza Italia in SICILIA non e&#8217; mai stata unita e coesa come adesso e la riprova si avra&#8217; con il voto del prossimo 26 maggio, quando a parlare saranno i fatti. Il resto sono e resteranno chiacchiere da bar inutili quando non dannose&#8221;.<div id=\"videoincontent\" style=\"clear:both\";><\/div><\/p>\n","protected":false},"excerpt":{"rendered":"<p>La discussione interna a Forza Italia sulla leadership di Gianfranco Micciche&#8217; in SICILIA e&#8217; incomprensibile. Il contributo giunto dalla SICILIA alla media nazionale delle percentuali del partito e&#8217; sempre stato determinante in occasione di ogni tipo di elezione ed e&#8217; stato meno significativo proprio quando c&#8217;e&#8217; stato un avvicendamento ai vertici del coordinamento regionale. Una [&hellip;]<\/p>\n","protected":false},"author":2,"featured_media":29641,"comment_status":"closed","ping_status":"open","sticky":false,"template":"","format":"standard","meta":{"ub_ctt_via":"","_mi_skip_tracking":false},"categories":[4],"tags":[],"featured_image_src":"https:\/\/www.messinaoggi.it\/website\/wp-content\/uploads\/2019\/02\/83FB42D7-6CBF-4832-9047-9A6DFB0493DD.jpeg","author_info":{"display_name":"Redazione","author_link":"https:\/\/www.messinaoggi.it\/website\/author\/redazione\/"},"digistream_id":0,"digistream":false,"_links":{"self":[{"href":"https:\/\/www.messinaoggi.it\/website\/wp-json\/wp\/v2\/posts\/32903"}],"collection":[{"href":"https:\/\/www.messinaoggi.it\/website\/wp-json\/wp\/v2\/posts"}],"about":[{"href":"https:\/\/www.messinaoggi.it\/website\/wp-json\/wp\/v2\/types\/post"}],"author":[{"embeddable":true,"href":"https:\/\/www.messinaoggi.it\/website\/wp-json\/wp\/v2\/users\/2"}],"replies":[{"embeddable":true,"href":"https:\/\/www.messinaoggi.it\/website\/wp-json\/wp\/v2\/comments?post=32903"}],"version-history":[{"count":0,"href":"https:\/\/www.messinaoggi.it\/website\/wp-json\/wp\/v2\/posts\/32903\/revisions"}],"wp:featuredmedia":[{"embeddable":true,"href":"https:\/\/www.messinaoggi.it\/website\/wp-json\/wp\/v2\/media\/29641"}],"wp:attachment":[{"href":"https:\/\/www.messinaoggi.it\/website\/wp-json\/wp\/v2\/media?parent=32903"}],"wp:term":[{"taxonomy":"category","embeddable":true,"href":"https:\/\/www.messinaoggi.it\/website\/wp-json\/wp\/v2\/categories?post=32903"},{"taxonomy":"post_tag","embeddable":true,"href":"https:\/\/www.messinaoggi.it\/website\/wp-json\/wp\/v2\/tags?post=32903"}],"curies":[{"name":"wp","href":"https:\/\/api.w.org\/{rel}","templated":true}]}}