{"id":32878,"date":"2019-05-22T11:00:49","date_gmt":"2019-05-22T09:00:49","guid":{"rendered":"https:\/\/www.messinaoggi.it\/website\/?p=32878"},"modified":"2019-05-22T11:00:49","modified_gmt":"2019-05-22T09:00:49","slug":"cateno-resta-con-noi-domani-fiaccolata-di-mli","status":"publish","type":"post","link":"https:\/\/www.messinaoggi.it\/website\/2019\/05\/22\/cateno-resta-con-noi-domani-fiaccolata-di-mli\/","title":{"rendered":"&quot;Cateno resta con noi&quot;, domani fiaccolata di Mli"},"content":{"rendered":"<p>&#8220;Si pu\u00f2 scherzare con tutto, ma almeno il buon gusto di non citare per banalit\u00e0 e futuristiche visioni politiche la nostra \u201cMadonnina\u201d. La Fede \u00e8 una cosa seria e ironizzare su questo per un cattolico vero \u00e8 inaccettabile! Rimaniamo esterrefatti e da cattolici non possiamo sottacere la superficialit\u00e0 con cui viene etichettato sui social il banchetto in riva allo stretto, alla presenza delle nostre \u201ccosiddette\u201d alte rappresentanze istituzionali locali e regionali, denominato per l\u2019occasione &#8216;il patto della Madonnina&#8217;&#8221;.<br \/>\nLo scrive in una nota Roberto Cerreti, capogruppo del Movimento Liberi Insieme, ormai in &#8220;simpatica&#8221; polemica con Cateno De Luca, dopo essere stato uno dei principali sostenitori.<br \/>\n&#8220;Ribadiamo, quindi, con convinzione, la necessit\u00e0 di reagire alla sgradevole escalation di eventi che hanno indotto ed inducono il nostro Sindaco nel continuare a manifestare, anche esagerando con sproporzionate ed a volte sgradevoli esternazioni, le proprie ambizioni per la ricca ed ambita poltrona di Presidente della Regione, a discapito della pi\u00f9 modesta di primo cittadino messinese.<br \/>\nPertanto, come preannunciato nei giorni scorsi, si conferma che gioved\u00ec dalle ore 20 in Piazza Unione Europea, nella scalinata antistante l\u2019entrata principale del Palazzo del Comune, avr\u00e0 luogo la manifestazione \u201cCateno resta con noi\u201d, durante la quale si proceder\u00e0 con una fiaccolata simbolica che, ci auguriamo, serva a riaccendere nel Sindaco di Messina l\u2019antica memoria di quanto promesso e pi\u00f9 volte ribadito nella scorsa campagna elettorale amministrativa e persino durante i talk show nazionali, ovvero l\u2019intento di fare il sindaco di Messina per 10 anni prima di ambire ad altri ruoli, portando avanti un programma elettorale da noi tutti condiviso ma che, sciaguratamente ancora, in questa prima parte di mandato non ha mai visto luce..<br \/>\nLa speranza di MLI, di chi lo ha sostenuto e della maggioranza dei messinesi, \u00e8 di riuscire a placare la straripante vena espansionistica politica \u201cdeluchiana\u201d, di ricondurre i toni del dibattito politico cittadino nei limite del decoro e della buona creanza e di far ritrovare al nostro Cateno se stesso ed il buonsenso della sua candidatura a Sindaco di Messina, oltrech\u00e9 l\u2019affetto di coloro che lo hanno sostenuto, ribadiamo, esclusivamente per il bene della nostra martoriata Citt\u00e0, che non pu\u00f2 essere elemento secondario rispetto a qualsivoglia ambizione politica o personale&#8221;.<div id=\"div-gpt-ad-Messinaoggi.it-DSK-300x250-corpoart\" style=\"text-align:center;margin:0 auto;\"><\/div><\/p>\n<div id=\"videoincontent\" style=\"clear:both\";><\/div>","protected":false},"excerpt":{"rendered":"<p>&#8220;Si pu\u00f2 scherzare con tutto, ma almeno il buon gusto di non citare per banalit\u00e0 e futuristiche visioni politiche la nostra \u201cMadonnina\u201d. La Fede \u00e8 una cosa seria e ironizzare su questo per un cattolico vero \u00e8 inaccettabile! Rimaniamo esterrefatti e da cattolici non possiamo sottacere la superficialit\u00e0 con cui viene etichettato sui social il [&hellip;]<\/p>\n","protected":false},"author":2,"featured_media":32879,"comment_status":"closed","ping_status":"open","sticky":false,"template":"","format":"standard","meta":{"ub_ctt_via":"","_mi_skip_tracking":false},"categories":[5],"tags":[],"featured_image_src":"https:\/\/www.messinaoggi.it\/website\/wp-content\/uploads\/2019\/05\/striscione.jpg","author_info":{"display_name":"Redazione","author_link":"https:\/\/www.messinaoggi.it\/website\/author\/redazione\/"},"digistream_id":0,"digistream":false,"_links":{"self":[{"href":"https:\/\/www.messinaoggi.it\/website\/wp-json\/wp\/v2\/posts\/32878"}],"collection":[{"href":"https:\/\/www.messinaoggi.it\/website\/wp-json\/wp\/v2\/posts"}],"about":[{"href":"https:\/\/www.messinaoggi.it\/website\/wp-json\/wp\/v2\/types\/post"}],"author":[{"embeddable":true,"href":"https:\/\/www.messinaoggi.it\/website\/wp-json\/wp\/v2\/users\/2"}],"replies":[{"embeddable":true,"href":"https:\/\/www.messinaoggi.it\/website\/wp-json\/wp\/v2\/comments?post=32878"}],"version-history":[{"count":0,"href":"https:\/\/www.messinaoggi.it\/website\/wp-json\/wp\/v2\/posts\/32878\/revisions"}],"wp:featuredmedia":[{"embeddable":true,"href":"https:\/\/www.messinaoggi.it\/website\/wp-json\/wp\/v2\/media\/32879"}],"wp:attachment":[{"href":"https:\/\/www.messinaoggi.it\/website\/wp-json\/wp\/v2\/media?parent=32878"}],"wp:term":[{"taxonomy":"category","embeddable":true,"href":"https:\/\/www.messinaoggi.it\/website\/wp-json\/wp\/v2\/categories?post=32878"},{"taxonomy":"post_tag","embeddable":true,"href":"https:\/\/www.messinaoggi.it\/website\/wp-json\/wp\/v2\/tags?post=32878"}],"curies":[{"name":"wp","href":"https:\/\/api.w.org\/{rel}","templated":true}]}}