{"id":32877,"date":"2019-05-22T09:24:51","date_gmt":"2019-05-22T07:24:51","guid":{"rendered":"https:\/\/www.messinaoggi.it\/website\/?p=32877"},"modified":"2019-05-22T09:24:51","modified_gmt":"2019-05-22T07:24:51","slug":"europee-musolino-fi-senza-infrastrutture-le-isole-sono-tagliate-fuori-dal-contesto-produttivo","status":"publish","type":"post","link":"https:\/\/www.messinaoggi.it\/website\/2019\/05\/22\/europee-musolino-fi-senza-infrastrutture-le-isole-sono-tagliate-fuori-dal-contesto-produttivo\/","title":{"rendered":"Europee, Musolino (FI): &quot;Senza Infrastrutture le Isole sono tagliate fuori dal contesto produttivo&quot;"},"content":{"rendered":"<p style=\"text-align: justify;\">E\u2019 l\u2019espressione dell\u2019Udc siciliano e adesso anche Forza Italia ha stretto un accordo per il suo sostegno. Dafne Musolino, assessore della giunta comunale di Messina, autentica \u201ccreatura\u201d politica di Cateno De Luca si appresta a vivere gli ultimi giorni di campagna elettorale in un clima di assoluto ottimismo. La consapevolezza di conseguire un ottimo risultato la si evince dalla sensazioni della stessa Musolino.<div id=\"div-gpt-ad-Messinaoggi.it-DSK-300x250-corpoart\" style=\"text-align:center;margin:0 auto;\"><\/div><\/p>\n<p style=\"text-align: justify;\"><strong>Battute finali della campagna elettorale, quali sensazioni sta avendo?<\/strong><div id=\"videoincontent\" style=\"clear:both\";><\/div><\/p>\n<p style=\"text-align: justify;\">\u201c<em>La campagna elettorale procedere molto bene \u2013 afferma la candidata di Forza Italia \u2013 il territorio messinese risponde alla grande e devo dire che nelle altre province siciliane abbiamo la sensazione che la risposta vada al di l\u00e0 delle nostre aspettative. Senza trascurare la Sardegna dove abbiamo trovato una certa sintonia con i \u2018riformisti\u2019 sardi, i quali vedono in noi una forza politica che punta gli stessi obiettivi. Ovviamente, una risposta importante l\u2019attendiamo nella nostra citt\u00e0 dove amministriamo da quasi un anno con risultati che sono sotto gli occhi di tutti\u201d<\/em>.<\/p>\n<p style=\"text-align: justify;\"><strong>Candidata dell\u2019Udc ma nella lista di Forza Italia. Il partito degli azzurri in Sicilia tiene nonostante la diaspora\u2026<\/strong><\/p>\n<p style=\"text-align: justify;\">\u201c<em>L\u2019Udc ha avuto il grande merito politico di avere ricompattato l\u2019area moderata che era in disfacimento. Il contributo del mio partito sar\u00e0 importante per il successo di Forza Italia in occasione di questa tornata elettorale<\/em>\u201d.<\/p>\n<p style=\"text-align: justify;\"><strong>I temi della sua campagna elettorale. Ne dica uno, quello che ritiene essere il pi\u00f9 importante\u2026<\/strong><\/p>\n<p style=\"text-align: justify;\">\u201c<em>Senza dubbio il tema delle Infrastrutture e della logistica. Senza reti di interconnessione non pu\u00f2 esserci sviluppo delle attivit\u00e0 produttive. Il riferimento non \u00e8 legato solo alla Sicilia ma anche alla Sardegna. Le reti non possono fermarsi a Salerno mentre il Sud rimane isolato. Ritengo che questa sia battaglia da fare a livello europeo per ristabilire una visione ancora oggi asimmetrica della nostra nazione. Le Isole e il Meridione non possono essere penalizzati, impensabile che le merci che giungono in Sicilia abbiano un costo maggiore rispetto al resto dell\u2019Italia. E il problema riguarda anche le esportazioni: ci\u00f2 pone i nostri produttori in una condizione di svantaggio. Ecco con la creazione delle reti questo gap verrebbe superato\u201d<\/em>.<\/p>\n","protected":false},"excerpt":{"rendered":"<p>E\u2019 l\u2019espressione dell\u2019Udc siciliano e adesso anche Forza Italia ha stretto un accordo per il suo sostegno. Dafne Musolino, assessore della giunta comunale di Messina, autentica \u201ccreatura\u201d politica di Cateno De Luca si appresta a vivere gli ultimi giorni di campagna elettorale in un clima di assoluto ottimismo. La consapevolezza di conseguire un ottimo risultato [&hellip;]<\/p>\n","protected":false},"author":2,"featured_media":30643,"comment_status":"closed","ping_status":"open","sticky":false,"template":"","format":"standard","meta":{"ub_ctt_via":"","_mi_skip_tracking":false},"categories":[6],"tags":[],"featured_image_src":"https:\/\/www.messinaoggi.it\/website\/wp-content\/uploads\/2019\/03\/D334F3BE-3976-4856-83A0-974FC88A3E3F.jpeg","author_info":{"display_name":"Redazione","author_link":"https:\/\/www.messinaoggi.it\/website\/author\/redazione\/"},"digistream_id":0,"digistream":false,"_links":{"self":[{"href":"https:\/\/www.messinaoggi.it\/website\/wp-json\/wp\/v2\/posts\/32877"}],"collection":[{"href":"https:\/\/www.messinaoggi.it\/website\/wp-json\/wp\/v2\/posts"}],"about":[{"href":"https:\/\/www.messinaoggi.it\/website\/wp-json\/wp\/v2\/types\/post"}],"author":[{"embeddable":true,"href":"https:\/\/www.messinaoggi.it\/website\/wp-json\/wp\/v2\/users\/2"}],"replies":[{"embeddable":true,"href":"https:\/\/www.messinaoggi.it\/website\/wp-json\/wp\/v2\/comments?post=32877"}],"version-history":[{"count":0,"href":"https:\/\/www.messinaoggi.it\/website\/wp-json\/wp\/v2\/posts\/32877\/revisions"}],"wp:featuredmedia":[{"embeddable":true,"href":"https:\/\/www.messinaoggi.it\/website\/wp-json\/wp\/v2\/media\/30643"}],"wp:attachment":[{"href":"https:\/\/www.messinaoggi.it\/website\/wp-json\/wp\/v2\/media?parent=32877"}],"wp:term":[{"taxonomy":"category","embeddable":true,"href":"https:\/\/www.messinaoggi.it\/website\/wp-json\/wp\/v2\/categories?post=32877"},{"taxonomy":"post_tag","embeddable":true,"href":"https:\/\/www.messinaoggi.it\/website\/wp-json\/wp\/v2\/tags?post=32877"}],"curies":[{"name":"wp","href":"https:\/\/api.w.org\/{rel}","templated":true}]}}