{"id":32875,"date":"2019-05-22T09:00:41","date_gmt":"2019-05-22T07:00:41","guid":{"rendered":"https:\/\/www.messinaoggi.it\/website\/?p=32875"},"modified":"2019-05-22T09:00:41","modified_gmt":"2019-05-22T07:00:41","slug":"europee-attaguile-la-lega-in-sicilia-raddoppiera-i-consensi","status":"publish","type":"post","link":"https:\/\/www.messinaoggi.it\/website\/2019\/05\/22\/europee-attaguile-la-lega-in-sicilia-raddoppiera-i-consensi\/","title":{"rendered":"Europee, Attaguile: &quot;La Lega in Sicilia raddoppier\u00e0 i consensi&quot;"},"content":{"rendered":"<p class=\"p1\" style=\"text-align: justify;\"><span class=\"s1\"><b>Cosa occorre fare nel prossimo Europarlamento?<\/b><\/span><div id=\"div-gpt-ad-Messinaoggi.it-DSK-300x250-corpoart\" style=\"text-align:center;margin:0 auto;\"><\/div><\/p>\n<p class=\"p1\" style=\"text-align: justify;\"><span class=\"s1\">In primo luogo la revisione sostanziale dei Trattati europei che hanno penalizzato fortemente l\u2019Italia e avvantaggiato l\u2019asse Germania-Francia. La Lega punta ad uno scenario politico-economico profondamente diverso da quello attuale: l\u2019Unione Europea non pu\u00f2 essere, com\u2019\u00e8 oggi,solo un grande mercato finanziario e speculativo con regole di natura bancaria imposte a oltre 600 milioni di persone, costrette a subirle rinunciando alla qualit\u00e0 della vita. Questa Europa non \u00e8 quella che avevano immaginato i padri fondatori, cio\u00e8 un\u2019Europa dei popoli, non dei banchieri.<\/span><div id=\"videoincontent\" style=\"clear:both\";><\/div><\/p>\n<p class=\"p1\" style=\"text-align: justify;\"><span class=\"s1\">E\u2019 fondamentale per la Lega l\u2019obiettivo di una Unione Federale degli Stati Sovrani, con una Costituzione votata dai popoli e con un sistema di governo che abbia competenze di interesse comune a livello continentale, come la politica internazionale, la difesa dei confini, la sicurezza delle persone, il contrasto al terrorismo, la valorizzazione delle radici Cristiane dell\u2019Europa che sono assediate da processi di islamizzazione molto lontani e profondamente dal nostro modello di societ\u00e0, a partire dai diritti fondamentali della persona.<\/span><\/p>\n<p class=\"p1\" style=\"text-align: justify;\"><span class=\"s1\"><b>Sul piano dell\u2019Economia come si pone la proposta politica della Lega in Europa<\/b><\/span><\/p>\n<p class=\"p1\" style=\"text-align: justify;\"><span class=\"s1\">Bisogna rivedere la questione del Patto di stabilit\u00e0 e crescita sottoscritto ad Amsterdam nel 1997. Gli Stati membri, pur essendo l\u2019Italia il terzo paese fondatore della UE, non sono allineati a condizioni di uguale crescita e sviluppo, come d\u2019altronde \u00e8 sempre stato sotto il profilo geopolitico. Quindi l\u2019applicazione di regole di bilancio uguali per tutti, cio\u00e8 tra nazioni molto diverse tra loro sotto il profilo socio economico, si \u00e8 tradotta in una discriminazione sociale tra i popoli. Ciascuno Stato membro deve poter governare la propria realt\u00e0 sociale in relazione alle proprie risorse, alle effettive potenzialit\u00e0 di crescita e ai livelli di povert\u00e0. Vogliamo un assetto politico diverso, ribaltando i rapporti tra il Parlamento eletto dai popoli e la forma di governo, in termini di orientamento obbligatorio e di controllo. Dobbiamo superare le logiche delle lobby formate dalle grandi famiglie bancarie che condizionano la politica europea a danno dei cittadini.<\/span><\/p>\n<p class=\"p1\" style=\"text-align: justify;\"><span class=\"s1\"><b>Pu\u00f2 farci un esempio di come vede la Lega il futuro in materia economica?<\/b><\/span><\/p>\n<p class=\"p1\" style=\"text-align: justify;\"><span class=\"s1\">L\u2019Italia deve uscire dalla stagnazione economica che la vede fanalino di coda in Europa grazie ai governi di sinistra complici dei diktat di una UE germanocentrica. In appena un anno di governo la Lega ha dimostrato che il primo traguardo deve essere quello del ribaltamento del rapporto tra cittadini e fisco, con la prima applicazione di flat-tax in favore delle piccole partite Iva con il 15% fisso di tassazione e la semplificazione. La Lega intende raggiungere il risultato dell\u2019abbattimento della pressione fiscale che in Italia \u00e8 tra le pi\u00f9 alte nel mondo.<\/span><\/p>\n<p class=\"p1\" style=\"text-align: justify;\"><span class=\"s1\">Se un\u2019impresa pagher\u00e0 al fisco un terzo di quanto paga oggi, si espander\u00e0 enormemente, aumenter\u00e0 di parecchio l\u2019occupazione e quindi cresceranno i consumi, facendo fiorire i commerci. Solo cos\u00ec l\u2019Italia comincer\u00e0 finalmente un veloce percorso di crescita, riconquistando gli spazi che le spettano. La Lega sar\u00e0 molto determinata in questa direzione. Ripresa economica e rilancio vedono al centro il sistema dell\u2019impresa, unica vera protagonista economica e dell\u2019occupazione.<\/span><\/p>\n<p class=\"p1\" style=\"text-align: justify;\"><span class=\"s1\"><b>La Sicilia come risponde all\u2019appello politico della Lega?<\/b><\/span><\/p>\n<p class=\"p1\" style=\"text-align: justify;\"><span class=\"s1\">La Lega in Sicilia \u00e8 cresciuta, ma i risultati avrebbero potuto essere molto diversi. E\u2019 mancato un lavoro organico e una strutturazione del partito sul territorio. Ma si tratta di questioni e aspetti da affrontare subito dopo la tornata elettorale. Sono certo che grazie alle capacit\u00e0 di Matteo Salvini, con la sua esperienza organizzativa che ha portato la Lega, in appena un anno, a raddoppiare il consenso popolare e, guardando al passato, ad aumentarlo di quasi nove o dieci volte\u2026riusciremo a trovare un assetto di qualit\u00e0, a partire dalla prossima estate.<\/span><\/p>\n<p class=\"p1\" style=\"text-align: justify;\"><span class=\"s1\"><b>Autonomismo siciliano ed Europa. Quale sar\u00e0, se eletto, il suo impegno da europarlamentare?<\/b><\/span><\/p>\n<p class=\"p2\" style=\"text-align: justify;\"><span class=\"s1\">Mi piace ricordare che sono entrato in Parlamento nel 2013 ospitato nelle liste di Forza Italia come Autonomista siciliano e mi sono iscritto subito al gruppo parlamentare di una Lega Nord che era in grande crisi (aveva preso poco pi\u00f9 del 4%), chiedendo e ottenendo di aggiungere \u201cAutonomie\u201d alla denominazione del gruppo. Ritengo che il contributo mio e dei miei amici sia stato determinante nella grande trasformazione voluta da Salvini il quale, ha prima dato vita a \u201cNoi con Salvini\u201d come piattaforma di movimento meridionalista, scelta che gli ha consentito poi di togliere la parola \u201cNord\u201d e trasformare la Lega in un partito nazionale con al centro i territori e le loro autonomie. <\/span><span class=\"s1\">Mi piace ricordare come tutto ci\u00f2 ha visto la luce a Caltagirone quando, su mio suggerimento, Giancarlo Giorgetti \u00e8 venuto a presentare il romanzo del mio amico Turi Grillo \u201cDelitto Sicilia\u201d, un romanzo fortemente sicilianista. Quel giorno era presente anche Matteo Salvini che dichiar\u00f2: \u201c<i>Questo meridionalismo mi piace perch\u00e9 lotta con noi della Lega contro gli errori dello Stato centrale<\/i>\u201d. Grillo adesso \u00e8 tra i fondatori di \u201cSiciliani verso la Costituente\u201d ed io ho sottoscritto il programma preparato da questo movimento che ha per titolo \u201cQuello che i Siciliani chiedono all\u2019Europa\u201d quindi certamente la mia azione, se eletto, sar\u00e0 in continuo contatto con loro e mi auguro che il futuro ci riservi altri momenti di unit\u00e0.<\/span><\/p>\n","protected":false},"excerpt":{"rendered":"<p>Cosa occorre fare nel prossimo Europarlamento? In primo luogo la revisione sostanziale dei Trattati europei che hanno penalizzato fortemente l\u2019Italia e avvantaggiato l\u2019asse Germania-Francia. La Lega punta ad uno scenario politico-economico profondamente diverso da quello attuale: l\u2019Unione Europea non pu\u00f2 essere, com\u2019\u00e8 oggi,solo un grande mercato finanziario e speculativo con regole di natura bancaria imposte [&hellip;]<\/p>\n","protected":false},"author":2,"featured_media":5398,"comment_status":"closed","ping_status":"open","sticky":false,"template":"","format":"standard","meta":{"ub_ctt_via":"","_mi_skip_tracking":false},"categories":[11],"tags":[],"featured_image_src":"https:\/\/www.messinaoggi.it\/website\/wp-content\/uploads\/2017\/07\/angelo-attaguile-noi-con-salvini-2.png","author_info":{"display_name":"Redazione","author_link":"https:\/\/www.messinaoggi.it\/website\/author\/redazione\/"},"digistream_id":0,"digistream":false,"_links":{"self":[{"href":"https:\/\/www.messinaoggi.it\/website\/wp-json\/wp\/v2\/posts\/32875"}],"collection":[{"href":"https:\/\/www.messinaoggi.it\/website\/wp-json\/wp\/v2\/posts"}],"about":[{"href":"https:\/\/www.messinaoggi.it\/website\/wp-json\/wp\/v2\/types\/post"}],"author":[{"embeddable":true,"href":"https:\/\/www.messinaoggi.it\/website\/wp-json\/wp\/v2\/users\/2"}],"replies":[{"embeddable":true,"href":"https:\/\/www.messinaoggi.it\/website\/wp-json\/wp\/v2\/comments?post=32875"}],"version-history":[{"count":0,"href":"https:\/\/www.messinaoggi.it\/website\/wp-json\/wp\/v2\/posts\/32875\/revisions"}],"wp:featuredmedia":[{"embeddable":true,"href":"https:\/\/www.messinaoggi.it\/website\/wp-json\/wp\/v2\/media\/5398"}],"wp:attachment":[{"href":"https:\/\/www.messinaoggi.it\/website\/wp-json\/wp\/v2\/media?parent=32875"}],"wp:term":[{"taxonomy":"category","embeddable":true,"href":"https:\/\/www.messinaoggi.it\/website\/wp-json\/wp\/v2\/categories?post=32875"},{"taxonomy":"post_tag","embeddable":true,"href":"https:\/\/www.messinaoggi.it\/website\/wp-json\/wp\/v2\/tags?post=32875"}],"curies":[{"name":"wp","href":"https:\/\/api.w.org\/{rel}","templated":true}]}}