{"id":32872,"date":"2019-05-21T22:33:48","date_gmt":"2019-05-21T20:33:48","guid":{"rendered":"https:\/\/www.messinaoggi.it\/website\/?p=32872"},"modified":"2019-05-21T22:33:48","modified_gmt":"2019-05-21T20:33:48","slug":"micciche-de-luca-e-il-candidato-adatto-per-la-presidenza-della-regione","status":"publish","type":"post","link":"https:\/\/www.messinaoggi.it\/website\/2019\/05\/21\/micciche-de-luca-e-il-candidato-adatto-per-la-presidenza-della-regione\/","title":{"rendered":"Miccich\u00e8: &quot;De Luca \u00e8 il candidato adatto per la presidenza della Regione&quot;"},"content":{"rendered":"<p>Gianfranco Miccich\u00e8 a Messina per &#8220;suggellare&#8221; il patto politico con il sindaco di Messina, Cateno De Luca, in vista delle elezioni europee. Il commissario regionale di Forza Italia, marcato a uomo da Nino German\u00e0, s&#8217;\u00e8 spinto oltre affermando che il sindaco di Messina \u00e8 il candidato ideale per la presidenza della Regione.<br \/>\n&#8220;Se Musumeci decider\u00e0 di non candidarsi &#8211; ha detto a meridionews.it &#8211; non vedo un candidato migliore di Cateno De Luca. Un sindaco che \u00e8 stato capace di dare centralit\u00e0 alla citt\u00e0 di Messina&#8221;.<br \/>\nL&#8217;altro ieri anche l&#8217;ex ministro Tot\u00f2 Cardinale ha rotto il ghiaccio ed ha manifestato il proprio appoggio alla candidata espressione di &#8220;Sicilia Vera&#8221;, Dafne Musolino. Adesso la componente De Luca rischia realmente di fare un grande exploit, anche perch\u00e9 oltre all&#8217;appoggio dell&#8217;Udc e di &#8220;Sicilia Futura&#8221; c&#8217;\u00e8 il sostegno di Forza Italia.<br \/>\nMiccich\u00e8 nel suo tour messinese ha siglato un patto con Cateno De Luca che significa una valanga di voti per Dafne Musolino. Il presidente dell&#8217;Ars avendo compreso la portata del &#8220;fenomeno&#8221; Musolino ha deciso di riversare i propri voti a patto che lo stesso venga fatto per il candidato Giuseppe Milazzo.<br \/>\nLa posta in gioco \u00e8 molto alta e visto che ormai siamo alle battute finali di una campagna elettorale \u00e8 logico attendersi una clamorosa sorpresa dalle urne.<div id=\"div-gpt-ad-Messinaoggi.it-DSK-300x250-corpoart\" style=\"text-align:center;margin:0 auto;\"><\/div><\/p>\n<div id=\"videoincontent\" style=\"clear:both\";><\/div>","protected":false},"excerpt":{"rendered":"<p>Gianfranco Miccich\u00e8 a Messina per &#8220;suggellare&#8221; il patto politico con il sindaco di Messina, Cateno De Luca, in vista delle elezioni europee. Il commissario regionale di Forza Italia, marcato a uomo da Nino German\u00e0, s&#8217;\u00e8 spinto oltre affermando che il sindaco di Messina \u00e8 il candidato ideale per la presidenza della Regione. &#8220;Se Musumeci decider\u00e0 [&hellip;]<\/p>\n","protected":false},"author":2,"featured_media":3890,"comment_status":"closed","ping_status":"open","sticky":false,"template":"","format":"standard","meta":{"ub_ctt_via":"","_mi_skip_tracking":false},"categories":[6],"tags":[],"featured_image_src":"https:\/\/www.messinaoggi.it\/website\/wp-content\/uploads\/2017\/07\/micciche-2.jpg","author_info":{"display_name":"Redazione","author_link":"https:\/\/www.messinaoggi.it\/website\/author\/redazione\/"},"digistream_id":0,"digistream":false,"_links":{"self":[{"href":"https:\/\/www.messinaoggi.it\/website\/wp-json\/wp\/v2\/posts\/32872"}],"collection":[{"href":"https:\/\/www.messinaoggi.it\/website\/wp-json\/wp\/v2\/posts"}],"about":[{"href":"https:\/\/www.messinaoggi.it\/website\/wp-json\/wp\/v2\/types\/post"}],"author":[{"embeddable":true,"href":"https:\/\/www.messinaoggi.it\/website\/wp-json\/wp\/v2\/users\/2"}],"replies":[{"embeddable":true,"href":"https:\/\/www.messinaoggi.it\/website\/wp-json\/wp\/v2\/comments?post=32872"}],"version-history":[{"count":0,"href":"https:\/\/www.messinaoggi.it\/website\/wp-json\/wp\/v2\/posts\/32872\/revisions"}],"wp:featuredmedia":[{"embeddable":true,"href":"https:\/\/www.messinaoggi.it\/website\/wp-json\/wp\/v2\/media\/3890"}],"wp:attachment":[{"href":"https:\/\/www.messinaoggi.it\/website\/wp-json\/wp\/v2\/media?parent=32872"}],"wp:term":[{"taxonomy":"category","embeddable":true,"href":"https:\/\/www.messinaoggi.it\/website\/wp-json\/wp\/v2\/categories?post=32872"},{"taxonomy":"post_tag","embeddable":true,"href":"https:\/\/www.messinaoggi.it\/website\/wp-json\/wp\/v2\/tags?post=32872"}],"curies":[{"name":"wp","href":"https:\/\/api.w.org\/{rel}","templated":true}]}}