{"id":32788,"date":"2019-05-20T12:49:21","date_gmt":"2019-05-20T10:49:21","guid":{"rendered":"https:\/\/www.messinaoggi.it\/website\/?p=32788"},"modified":"2019-05-20T12:49:21","modified_gmt":"2019-05-20T10:49:21","slug":"messina-social-city-i-lavoratori-esclusi-si-riuniscono-in-assemblea","status":"publish","type":"post","link":"https:\/\/www.messinaoggi.it\/website\/2019\/05\/20\/messina-social-city-i-lavoratori-esclusi-si-riuniscono-in-assemblea\/","title":{"rendered":"Messina Social City, i lavoratori esclusi si riuniscono in assemblea"},"content":{"rendered":"<p>Continua a far discutere la vicenda che ruota attorno alla mancata assunzione dei lavoratori storici del settore dei servizi sociali nella nuova partecipata, la Messina Social City. Questa volta a prendere la parola sono stati direttamente i lavoratori esclusi, i quali hanno annunciato che si riuniranno questa sera in assemblea aperta per discutere sul da farsi.<br \/>\n\u201c<em>Noi lavoratori esclusi<\/em> \u2013 si legge in una nota \u2013 <em>abbiamo avuto molta pazienza e dato un\u2019infinit\u00e0 di possibilit\u00e0 a questa amministrazione per ricucire errori e misfatti generati da una incompetenza agghiacciante dell&#8217;assessorato e dal dipartimento dei Servizi Sociali.<\/em><br \/>\n<em>\u201cLa domanda \u00e8: c&#8217;\u00e8 un modo per liberare i lavoratori esclusi dalla fatalit\u00e0 dello scontro? \u00c8 ormai risaputo che, col progredire della mancata collaborazione e di non aver preso le giuste decisioni, rispondere a questa domanda \u00e8 divenuto una questione di vita o di morte per i lavoratori storici esclusi dalla Messina Social City, eppure, nonostante tutta la buona volont\u00e0, nessun tentativo di soluzione \u00e8 purtroppo approdato a qualcosa.<\/em><br \/>\n<em>&#8220;Pensiamo che coloro cui spetta affrontare il problema professionalmente e tecnicamente divengano di giorno in giorno pi\u00f9 consapevoli della loro impotenza in proposito, e abbiano oggi un vivo desiderio di conoscere le opinioni di persone assorbite in questo dramma, le quali siano in grado di osservare i problemi che si celano dentro questo calderone.<\/em><br \/>\n<em>&#8220;Noi lavoratori esclusi, senza voler entrare nello specifico delle lacune emerse della Messina Social City, ed essendo immuni da pressioni politiche, vediamo una maniera semplice di affrontare il problema. Vi \u00e8 qui una realt\u00e0 da cui non possiamo prescindere: \u201cDiritto e forza sono inscindibili. <\/em><em>Le decisioni del diritto si avvicinano alla giustizia, cui aspira quella comunit\u00e0 nel cui nome \u00e8 interesse vengono pronunciate dai diritti umani e della libert\u00e0 d&#8217;azione. Vale a dire alla sua sovranit\u00e0, ed \u00e8 assolutamente chiaro che non vi \u00e8 altra strada per arrivare a siffatta determinazione. L&#8217;insuccesso, nonostante tutto, dei tentativi intesi in tutti gli incontri a realizzare questa meta ci fa concludere senza ombra di dubbio che qui operano forti fattori collaterali che paralizzano gli sforzi.<\/em><br \/>\n<em>&#8220;Pertanto concludiamo che non aspetteremo altri palleggiamenti sterili. Se necessario useremo ogni mezzo a nostra disposizione manifestando con presidi 24 ore su 24 ove opportuno&#8221;.<\/em><div id=\"div-gpt-ad-Messinaoggi.it-DSK-300x250-corpoart\" style=\"text-align:center;margin:0 auto;\"><\/div><\/p>\n<div id=\"videoincontent\" style=\"clear:both\";><\/div>","protected":false},"excerpt":{"rendered":"<p>Continua a far discutere la vicenda che ruota attorno alla mancata assunzione dei lavoratori storici del settore dei servizi sociali nella nuova partecipata, la Messina Social City. Questa volta a prendere la parola sono stati direttamente i lavoratori esclusi, i quali hanno annunciato che si riuniranno questa sera in assemblea aperta per discutere sul da [&hellip;]<\/p>\n","protected":false},"author":8,"featured_media":2496,"comment_status":"closed","ping_status":"open","sticky":false,"template":"","format":"standard","meta":{"ub_ctt_via":"","_mi_skip_tracking":false},"categories":[4],"tags":[],"featured_image_src":"https:\/\/www.messinaoggi.it\/website\/wp-content\/uploads\/2017\/06\/Palazzo-Zanca-2-2.jpg","author_info":{"display_name":"red..me","author_link":"https:\/\/www.messinaoggi.it\/website\/author\/redstage\/"},"digistream_id":0,"digistream":false,"_links":{"self":[{"href":"https:\/\/www.messinaoggi.it\/website\/wp-json\/wp\/v2\/posts\/32788"}],"collection":[{"href":"https:\/\/www.messinaoggi.it\/website\/wp-json\/wp\/v2\/posts"}],"about":[{"href":"https:\/\/www.messinaoggi.it\/website\/wp-json\/wp\/v2\/types\/post"}],"author":[{"embeddable":true,"href":"https:\/\/www.messinaoggi.it\/website\/wp-json\/wp\/v2\/users\/8"}],"replies":[{"embeddable":true,"href":"https:\/\/www.messinaoggi.it\/website\/wp-json\/wp\/v2\/comments?post=32788"}],"version-history":[{"count":0,"href":"https:\/\/www.messinaoggi.it\/website\/wp-json\/wp\/v2\/posts\/32788\/revisions"}],"wp:featuredmedia":[{"embeddable":true,"href":"https:\/\/www.messinaoggi.it\/website\/wp-json\/wp\/v2\/media\/2496"}],"wp:attachment":[{"href":"https:\/\/www.messinaoggi.it\/website\/wp-json\/wp\/v2\/media?parent=32788"}],"wp:term":[{"taxonomy":"category","embeddable":true,"href":"https:\/\/www.messinaoggi.it\/website\/wp-json\/wp\/v2\/categories?post=32788"},{"taxonomy":"post_tag","embeddable":true,"href":"https:\/\/www.messinaoggi.it\/website\/wp-json\/wp\/v2\/tags?post=32788"}],"curies":[{"name":"wp","href":"https:\/\/api.w.org\/{rel}","templated":true}]}}