{"id":32780,"date":"2019-05-20T11:11:22","date_gmt":"2019-05-20T09:11:22","guid":{"rendered":"https:\/\/www.messinaoggi.it\/website\/?p=32780"},"modified":"2019-05-20T11:11:22","modified_gmt":"2019-05-20T09:11:22","slug":"alberto-arbuse-nominaalberto-arbuse-nominato-coordinatore-citta-metropolitana-messina-di-gioventu-nazionale","status":"publish","type":"post","link":"https:\/\/www.messinaoggi.it\/website\/2019\/05\/20\/alberto-arbuse-nominaalberto-arbuse-nominato-coordinatore-citta-metropolitana-messina-di-gioventu-nazionale\/","title":{"rendered":"Alberto Arbuse nominato coordinatore citt\u00e0 metropolitana Messina di &quot;Giovent\u00f9 nazionale&quot;"},"content":{"rendered":"<p><span class=\"s1\"><strong>Alberto Arbuse<\/strong> \u00e8 stato nominato coordinatore della citt\u00e0 metropolitana per Giovent\u00f9 Nazionale<\/span><div id=\"div-gpt-ad-Messinaoggi.it-DSK-300x250-corpoart\" style=\"text-align:center;margin:0 auto;\"><\/div><\/p>\n<p class=\"p1\" style=\"text-align: justify;\"><span class=\"s1\">\u201c<em>Esprimo soddisfazione per la nomina del giovane Arbuse, il movimento giovanile di Fratelli d\u2019Italia &#8211; dichiara Antonio La Spada, coordinatore regionale di GN per la Sicilia Orientale &#8211; il nostro lavoro sul territorio si sta manifestando con l\u2019adesione di tanti giovani che condividono il percorso politico di Giorgia Meloni, in forte crescita sul nostro territorio. Proprio qui a Napoli \u00e8 in corso la manifestazione nazionale di Fratelli d\u2019Italia in vista delle elezioni europee del 26 maggio e Giovent\u00f9 Nazionale ha voluto presenziare con tanti militanti provenienti dalla Sicilia e dalla provincia di Messina. Identit\u00e0, sovranismo e difesa del diritto allo studio sono da sempre i nostri riferimenti che porteremo avanti con orgoglio e determinazione a fianco della nostra leader.<\/em>\u201d<\/span><div id=\"videoincontent\" style=\"clear:both\";><\/div><\/p>\n<p class=\"p1\" style=\"text-align: justify;\"><span class=\"s1\">Lo ha dichiarato<strong> Antonio La Spada<\/strong>, coordinatore regionale per Giovent\u00f9 Nazionale, a margine dell\u2019incontro a Napoli.<\/span><\/p>\n","protected":false},"excerpt":{"rendered":"<p>Alberto Arbuse \u00e8 stato nominato coordinatore della citt\u00e0 metropolitana per Giovent\u00f9 Nazionale \u201cEsprimo soddisfazione per la nomina del giovane Arbuse, il movimento giovanile di Fratelli d\u2019Italia &#8211; dichiara Antonio La Spada, coordinatore regionale di GN per la Sicilia Orientale &#8211; il nostro lavoro sul territorio si sta manifestando con l\u2019adesione di tanti giovani che condividono [&hellip;]<\/p>\n","protected":false},"author":2,"featured_media":32776,"comment_status":"closed","ping_status":"open","sticky":false,"template":"","format":"standard","meta":{"ub_ctt_via":"","_mi_skip_tracking":false},"categories":[4],"tags":[],"featured_image_src":"https:\/\/www.messinaoggi.it\/website\/wp-content\/uploads\/2019\/05\/3E4E1538-39A4-4DEF-8F7C-EE169D94941C.jpeg","author_info":{"display_name":"Redazione","author_link":"https:\/\/www.messinaoggi.it\/website\/author\/redazione\/"},"digistream_id":0,"digistream":false,"_links":{"self":[{"href":"https:\/\/www.messinaoggi.it\/website\/wp-json\/wp\/v2\/posts\/32780"}],"collection":[{"href":"https:\/\/www.messinaoggi.it\/website\/wp-json\/wp\/v2\/posts"}],"about":[{"href":"https:\/\/www.messinaoggi.it\/website\/wp-json\/wp\/v2\/types\/post"}],"author":[{"embeddable":true,"href":"https:\/\/www.messinaoggi.it\/website\/wp-json\/wp\/v2\/users\/2"}],"replies":[{"embeddable":true,"href":"https:\/\/www.messinaoggi.it\/website\/wp-json\/wp\/v2\/comments?post=32780"}],"version-history":[{"count":0,"href":"https:\/\/www.messinaoggi.it\/website\/wp-json\/wp\/v2\/posts\/32780\/revisions"}],"wp:featuredmedia":[{"embeddable":true,"href":"https:\/\/www.messinaoggi.it\/website\/wp-json\/wp\/v2\/media\/32776"}],"wp:attachment":[{"href":"https:\/\/www.messinaoggi.it\/website\/wp-json\/wp\/v2\/media?parent=32780"}],"wp:term":[{"taxonomy":"category","embeddable":true,"href":"https:\/\/www.messinaoggi.it\/website\/wp-json\/wp\/v2\/categories?post=32780"},{"taxonomy":"post_tag","embeddable":true,"href":"https:\/\/www.messinaoggi.it\/website\/wp-json\/wp\/v2\/tags?post=32780"}],"curies":[{"name":"wp","href":"https:\/\/api.w.org\/{rel}","templated":true}]}}