{"id":32757,"date":"2019-05-19T08:09:23","date_gmt":"2019-05-19T06:09:23","guid":{"rendered":"https:\/\/www.messinaoggi.it\/website\/?p=32757"},"modified":"2019-05-19T08:09:23","modified_gmt":"2019-05-19T06:09:23","slug":"spacciava-droga-davanti-alla-scuola-adesso-va-in-comunita","status":"publish","type":"post","link":"https:\/\/www.messinaoggi.it\/website\/2019\/05\/19\/spacciava-droga-davanti-alla-scuola-adesso-va-in-comunita\/","title":{"rendered":"Spacciava droga davanti alla scuola: adesso va in comunit\u00e0"},"content":{"rendered":"<p>Venne sorpreso lo scorso dicembre davanti ad un istituto scolastico con 8 grammi di hashish, corrispondente a 44 dosi singole. Per detenzione ai fini di spaccio, con l&#8217;aggravante della cessione destinata ai minori, \u00e8 stato arrestato questa mattina dai carabinieri di Patti (Messina), un giovane del luogo. per il quale \u00e8 stata eseguita una ordinanza applicativa di collocamento in comunit\u00e0. Lo rende noto il comando provinciale dei carabinieri di Messina.<div id=\"div-gpt-ad-Messinaoggi.it-DSK-300x250-corpoart\" style=\"text-align:center;margin:0 auto;\"><\/div><\/p>\n<div id=\"videoincontent\" style=\"clear:both\";><\/div>","protected":false},"excerpt":{"rendered":"<p>Venne sorpreso lo scorso dicembre davanti ad un istituto scolastico con 8 grammi di hashish, corrispondente a 44 dosi singole. Per detenzione ai fini di spaccio, con l&#8217;aggravante della cessione destinata ai minori, \u00e8 stato arrestato questa mattina dai carabinieri di Patti (Messina), un giovane del luogo. per il quale \u00e8 stata eseguita una ordinanza [&hellip;]<\/p>\n","protected":false},"author":2,"featured_media":31812,"comment_status":"closed","ping_status":"open","sticky":false,"template":"","format":"standard","meta":{"ub_ctt_via":"","_mi_skip_tracking":false},"categories":[5],"tags":[],"featured_image_src":"https:\/\/www.messinaoggi.it\/website\/wp-content\/uploads\/2019\/04\/carabinieri-controlli-stradali.jpg","author_info":{"display_name":"Redazione","author_link":"https:\/\/www.messinaoggi.it\/website\/author\/redazione\/"},"digistream_id":0,"digistream":false,"_links":{"self":[{"href":"https:\/\/www.messinaoggi.it\/website\/wp-json\/wp\/v2\/posts\/32757"}],"collection":[{"href":"https:\/\/www.messinaoggi.it\/website\/wp-json\/wp\/v2\/posts"}],"about":[{"href":"https:\/\/www.messinaoggi.it\/website\/wp-json\/wp\/v2\/types\/post"}],"author":[{"embeddable":true,"href":"https:\/\/www.messinaoggi.it\/website\/wp-json\/wp\/v2\/users\/2"}],"replies":[{"embeddable":true,"href":"https:\/\/www.messinaoggi.it\/website\/wp-json\/wp\/v2\/comments?post=32757"}],"version-history":[{"count":0,"href":"https:\/\/www.messinaoggi.it\/website\/wp-json\/wp\/v2\/posts\/32757\/revisions"}],"wp:featuredmedia":[{"embeddable":true,"href":"https:\/\/www.messinaoggi.it\/website\/wp-json\/wp\/v2\/media\/31812"}],"wp:attachment":[{"href":"https:\/\/www.messinaoggi.it\/website\/wp-json\/wp\/v2\/media?parent=32757"}],"wp:term":[{"taxonomy":"category","embeddable":true,"href":"https:\/\/www.messinaoggi.it\/website\/wp-json\/wp\/v2\/categories?post=32757"},{"taxonomy":"post_tag","embeddable":true,"href":"https:\/\/www.messinaoggi.it\/website\/wp-json\/wp\/v2\/tags?post=32757"}],"curies":[{"name":"wp","href":"https:\/\/api.w.org\/{rel}","templated":true}]}}