{"id":32723,"date":"2019-05-17T19:21:37","date_gmt":"2019-05-17T17:21:37","guid":{"rendered":"https:\/\/www.messinaoggi.it\/website\/?p=32723"},"modified":"2019-05-17T19:21:37","modified_gmt":"2019-05-17T17:21:37","slug":"de-luca-resta-con-noi-raccolta-firme-e-fiaccolata-di-mli","status":"publish","type":"post","link":"https:\/\/www.messinaoggi.it\/website\/2019\/05\/17\/de-luca-resta-con-noi-raccolta-firme-e-fiaccolata-di-mli\/","title":{"rendered":"&quot;De Luca resta con noi&quot;: raccolta firme e fiaccolata di Mli"},"content":{"rendered":"<p>&#8220;Apprendiamo, con enorme sorpresa e non poca delusione, che il nostro Sindaco Cateno De Luca ha dichiarato ai media di voler utilizzare la campagna elettorale europea ed il risultato che conseguir\u00e0 sulla sua candidata, come indice di valutazione per una sua ascesa alla poltrona pi\u00f9 prestigiosa di Presidente della Regione Siciliana&#8221;.<br \/>\nLo scrive in una nota stampa Roberto Cerreti, capogruppo di Mli, movimento vicino alle posizioni di De Luca in occasione delle amministrative e oggi critico con il primo cittadino.<br \/>\n&#8220;In pochi attimi il nostro candidato ed eletto Sindaco di Messina \u00e8 riuscito a catapultarci nei timori che hanno caratterizzato le instabili gestioni della poltrona di primo cittadino negli ultimi vent\u2019anni, con Sindaci che, purtroppo, non hanno mai veramente voluto governare Messina e le sue criticit\u00e0, ma hanno solo ambito alla guida della nostra amata Citt\u00e0 per utilizzarla come \u201c<strong>trampolino di lancio<\/strong>\u201d per le proprie ambizioni politiche.<br \/>\nChi aspirava a fare il Presidente dell\u2019ex Provincia, chi a fare il deputato nazionale, chi quello regionale, senza alcun rispetto per le migliaia di elettori e cittadini che riponendo fiducia in loro, speravano in quella tanto attesa e mai giunta ripresa messinese.<br \/>\nEd oggi, come un fulmine a ciel sereno, persino il nostro Cateno, eletto dopo aver raggiunto un ballottaggio alle ultime amministrative al fotofinish, pensa ad abbandonarci e catapulta le sue attenzioni nell\u2019accrescere la propria visibilit\u00e0 in ottica di portar avanti la sua \u201cnuova ambizione\u201d a danno di una Citt\u00e0, che meriterebbe e soprattutto avrebbe bisogno di un sindaco e di un progetto politico di lungo periodo, oltre che di RISPETTO.<br \/>\n<em>\u201cChi da un voto a Dafne Musolino d\u00e0 un voto a Cateno De Luca prossimo presidente della Regione\u201d<\/em> dichiara Cateno, ed \u00e8 anche per questo che non andrebbe votata, perch\u00e9 non vogliamo rinunciare al nostro Sindaco, a quell\u2019uomo sceso dal Nisi e che nessuna parte politica considerava, per lo meno sino alla sua elezione, ma che ha saputo conquistare i nostri cuori con le idee e con la bont\u00e0 di un programma elettorale che auspichiamo possa prima o poi compiere i suoi primi passetti.<br \/>\nPer questo motivo il Movimento Liberi Insieme lancia ufficialmente la propria petizione popolare \u201cCateno resta con noi\u201d, una raccolta di firme indirizzata al primo cittadino, finalizzata a farlo riflettere sulla necessit\u00e0 che ha Messina di avere un progetto politico amministrativo per 10 anni, il primo dall\u2019epoca dell\u2019ex Sindaco And\u00f2, che possa ambire alle due legislature consecutive ed a un serio rilancio delle economie e della societ\u00e0 messinese.<br \/>\nLa petizione culminer\u00e0 con una fiaccolata indetta dal nostro Movimento con la partecipazione anche degli ex candidati delle liste di sostegno alla candidatura di De Luca alle scorse amministrative, che gi\u00e0 gioved\u00ec 23 maggio, verr\u00e0 effettuata sotto Palazzo Zanca con lo spirito di far ritrovare al nostro Cateno, il senso della sua candidatura a Sindaco di Messina e l\u2019affetto di coloro che sin dall\u2019inizio lo hanno sostenuto senza se e senza ma e senza inciuci.<br \/>\nIn definitiva noi vogliamo semplicemente il bene della nostra Citt\u00e0, quindi dopo oltre vent\u2019anni, un Sindaco che voglia fare il Sindaco&#8221;.<div id=\"div-gpt-ad-Messinaoggi.it-DSK-300x250-corpoart\" style=\"text-align:center;margin:0 auto;\"><\/div><\/p>\n<div id=\"videoincontent\" style=\"clear:both\";><\/div>","protected":false},"excerpt":{"rendered":"<p>&#8220;Apprendiamo, con enorme sorpresa e non poca delusione, che il nostro Sindaco Cateno De Luca ha dichiarato ai media di voler utilizzare la campagna elettorale europea ed il risultato che conseguir\u00e0 sulla sua candidata, come indice di valutazione per una sua ascesa alla poltrona pi\u00f9 prestigiosa di Presidente della Regione Siciliana&#8221;. Lo scrive in una [&hellip;]<\/p>\n","protected":false},"author":2,"featured_media":32724,"comment_status":"closed","ping_status":"open","sticky":false,"template":"","format":"standard","meta":{"ub_ctt_via":"","_mi_skip_tracking":false},"categories":[6],"tags":[],"featured_image_src":"https:\/\/www.messinaoggi.it\/website\/wp-content\/uploads\/2019\/05\/Foto-riunione-MLI.jpg","author_info":{"display_name":"Redazione","author_link":"https:\/\/www.messinaoggi.it\/website\/author\/redazione\/"},"digistream_id":0,"digistream":false,"_links":{"self":[{"href":"https:\/\/www.messinaoggi.it\/website\/wp-json\/wp\/v2\/posts\/32723"}],"collection":[{"href":"https:\/\/www.messinaoggi.it\/website\/wp-json\/wp\/v2\/posts"}],"about":[{"href":"https:\/\/www.messinaoggi.it\/website\/wp-json\/wp\/v2\/types\/post"}],"author":[{"embeddable":true,"href":"https:\/\/www.messinaoggi.it\/website\/wp-json\/wp\/v2\/users\/2"}],"replies":[{"embeddable":true,"href":"https:\/\/www.messinaoggi.it\/website\/wp-json\/wp\/v2\/comments?post=32723"}],"version-history":[{"count":0,"href":"https:\/\/www.messinaoggi.it\/website\/wp-json\/wp\/v2\/posts\/32723\/revisions"}],"wp:featuredmedia":[{"embeddable":true,"href":"https:\/\/www.messinaoggi.it\/website\/wp-json\/wp\/v2\/media\/32724"}],"wp:attachment":[{"href":"https:\/\/www.messinaoggi.it\/website\/wp-json\/wp\/v2\/media?parent=32723"}],"wp:term":[{"taxonomy":"category","embeddable":true,"href":"https:\/\/www.messinaoggi.it\/website\/wp-json\/wp\/v2\/categories?post=32723"},{"taxonomy":"post_tag","embeddable":true,"href":"https:\/\/www.messinaoggi.it\/website\/wp-json\/wp\/v2\/tags?post=32723"}],"curies":[{"name":"wp","href":"https:\/\/api.w.org\/{rel}","templated":true}]}}