{"id":32707,"date":"2019-05-17T11:16:28","date_gmt":"2019-05-17T09:16:28","guid":{"rendered":"https:\/\/www.messinaoggi.it\/website\/?p=32707"},"modified":"2019-05-17T11:16:28","modified_gmt":"2019-05-17T09:16:28","slug":"sanita-privata-ce-il-plauso-della-ugl-per-lassessore-razza","status":"publish","type":"post","link":"https:\/\/www.messinaoggi.it\/website\/2019\/05\/17\/sanita-privata-ce-il-plauso-della-ugl-per-lassessore-razza\/","title":{"rendered":"Sanit\u00e0 Privata, c&#039;\u00e8 il plauso della Ugl per l&#039;assessore Razza"},"content":{"rendered":"<p class=\"p1\" style=\"text-align: justify;\"><span class=\"s1\">&#8220;Il percorso individuato nei giorni scorsi dall&#8217;assessore regionale della salute, Ruggero Razza, che rivaluta il nuovo ruolo delle strutture sanitarie private convenzionate in Sicilia, individuandole come supporto al sistema pubblico, non pu\u00f2 che trovarci pienamente d&#8217;accordo perch\u00e8 in linea con le proposte da noi pi\u00f9 volte formulate. Da qualche anno, infatti, chiediamo una concreta riforma del settore che veda, a fianco di strutture pubbliche sempre pi\u00f9 organizzate ed efficienti, una rete di case di cura convenzionate che possano garantire un&#8217;importante mano d&#8217;aiuto soprattutto sui temi del sovraffollamento dei pronto soccorso, dei reparti di degenza e delle liste d&#8217;attesa per le visite.&#8221; Lo dicono Carmelo Urz\u00ec e Raffaele Lanteri, rispettivamente segretari regionali delle federazioni sanit\u00e0 e medici della Ugl, aggiungendo: &#8220;La nostra idea \u00e8 quella che la sanit\u00e0 privata nella nostra Regione venga sempre pi\u00f9 inquadrata come un&#8217;entit\u00e0 pubblica a capitale privato, tale da poter a tutti gli effetti sopperire alla gran mole di richiesta di assistenza proveniente dagli ospedali. Per questo immaginiamo la creazione di un &#8220;cruscotto&#8221; per la disponibilit\u00e0 dei posti letto, cos\u00ec da eliminare l&#8217;overbooking negli ospedali inviando i pazienti nel privato dove possono avere il medesimo livello di cura, anche in termini di lungo-assistenza. Cos\u00ec come chiediamo venga attivato un centro prenotazioni unico tale da consentire un efficace smistamento delle visite ed un notevole abbattimento dei tempi di attesa con relativo risparmio per sistema sanitario siciliano. E&#8217; chiaro &#8211; fanno notare Urz\u00ec e Lanteri &#8211; che, parimenti alla redistribuzione delle risorse per l&#8217;ospedalit\u00e0 privata, \u00e8 indispensabile riformare la vecchia legge regionale n\u00b0 39 del 1988 per dare anche ai privati gli stessi standard operativi del pubblico, specie in termini di piante organiche, se no nulla avrebbe senso. Ancora\u00a0<\/span><span class=\"s2\">oggi<\/span><span class=\"s1\">\u00a0purtroppo c&#8217;\u00e8 un disequilibrio evidente tra i due settori, ad esempio anche relazione all&#8217;impiego della figura dell&#8217;operatore socio sanitario che, nella normativa di trent&#8217;anni fa, neanche esiste ed\u00a0<\/span><span class=\"s2\">oggi<\/span><span class=\"s1\">\u00a0invece \u00e8 indispensabile. Si andrebbe anche a far scomparire il triste fenomeno del continuo ricorso alle partite Iva (medici, infermieri, operatori sanitari) che da mesi denunciamo e che deve far posto a contratti a tempo indeterminato. Come Ugl continuiamo ad insistere su questa strada e siamo ben contenti di aver trovato nell&#8217;assessore Razza e nel governo Musumeci un interlocutore attento alla problematica, ma ci auguriamo che dalle parole si passi subito ai fatti perch\u00e8 solo cos\u00ec potranno essere massimizzati i costi e, principalmente, potr\u00e0 essere assicurata una sanit\u00e0 pi\u00f9 efficiente e vicina alle esigenze degli utenti e capace di tutelare i suoi lavoratori.&#8221;<\/span><div id=\"div-gpt-ad-Messinaoggi.it-DSK-300x250-corpoart\" style=\"text-align:center;margin:0 auto;\"><\/div><\/p>\n<div id=\"videoincontent\" style=\"clear:both\";><\/div>","protected":false},"excerpt":{"rendered":"<p>&#8220;Il percorso individuato nei giorni scorsi dall&#8217;assessore regionale della salute, Ruggero Razza, che rivaluta il nuovo ruolo delle strutture sanitarie private convenzionate in Sicilia, individuandole come supporto al sistema pubblico, non pu\u00f2 che trovarci pienamente d&#8217;accordo perch\u00e8 in linea con le proposte da noi pi\u00f9 volte formulate. Da qualche anno, infatti, chiediamo una concreta riforma [&hellip;]<\/p>\n","protected":false},"author":2,"featured_media":21994,"comment_status":"closed","ping_status":"open","sticky":false,"template":"","format":"standard","meta":{"ub_ctt_via":"","_mi_skip_tracking":false},"categories":[11],"tags":[],"featured_image_src":"https:\/\/www.messinaoggi.it\/website\/wp-content\/uploads\/2018\/07\/Razza-Ruggero-assessore-salute-con-ingresso-Cutroni-Zodda-800x445-messinaoggiMarcyRuggi-1.jpg","author_info":{"display_name":"Redazione","author_link":"https:\/\/www.messinaoggi.it\/website\/author\/redazione\/"},"digistream_id":0,"digistream":false,"_links":{"self":[{"href":"https:\/\/www.messinaoggi.it\/website\/wp-json\/wp\/v2\/posts\/32707"}],"collection":[{"href":"https:\/\/www.messinaoggi.it\/website\/wp-json\/wp\/v2\/posts"}],"about":[{"href":"https:\/\/www.messinaoggi.it\/website\/wp-json\/wp\/v2\/types\/post"}],"author":[{"embeddable":true,"href":"https:\/\/www.messinaoggi.it\/website\/wp-json\/wp\/v2\/users\/2"}],"replies":[{"embeddable":true,"href":"https:\/\/www.messinaoggi.it\/website\/wp-json\/wp\/v2\/comments?post=32707"}],"version-history":[{"count":0,"href":"https:\/\/www.messinaoggi.it\/website\/wp-json\/wp\/v2\/posts\/32707\/revisions"}],"wp:featuredmedia":[{"embeddable":true,"href":"https:\/\/www.messinaoggi.it\/website\/wp-json\/wp\/v2\/media\/21994"}],"wp:attachment":[{"href":"https:\/\/www.messinaoggi.it\/website\/wp-json\/wp\/v2\/media?parent=32707"}],"wp:term":[{"taxonomy":"category","embeddable":true,"href":"https:\/\/www.messinaoggi.it\/website\/wp-json\/wp\/v2\/categories?post=32707"},{"taxonomy":"post_tag","embeddable":true,"href":"https:\/\/www.messinaoggi.it\/website\/wp-json\/wp\/v2\/tags?post=32707"}],"curies":[{"name":"wp","href":"https:\/\/api.w.org\/{rel}","templated":true}]}}