{"id":32704,"date":"2019-05-17T11:14:15","date_gmt":"2019-05-17T09:14:15","guid":{"rendered":"https:\/\/www.messinaoggi.it\/website\/?p=32704"},"modified":"2019-05-17T11:14:15","modified_gmt":"2019-05-17T09:14:15","slug":"galleria-san-jachiddu-riaperta-si-lavora-solo-di-notte","status":"publish","type":"post","link":"https:\/\/www.messinaoggi.it\/website\/2019\/05\/17\/galleria-san-jachiddu-riaperta-si-lavora-solo-di-notte\/","title":{"rendered":"Galleria San Jachiddu riaperta, si lavora solo di notte"},"content":{"rendered":"<p class=\"p1\" style=\"text-align: justify;\"><span class=\"s1\">A seguito del tavolo tecnico convocato ieri, gioved\u00ec 16, dall\u2019assessore con delega alla Polizia Muncipale Dafne Musolino, al fine di individuare le soluzioni pi\u00f9 opportune a limitare i disagi alla circolazione veicolare che si sono creati a seguito della chiusura al transito della galleria San Jachiddu per i lavori di ripristino della funzionalit\u00e0 dell\u2019impianto di illuminazione e di altri apparati tecnologici, il dipartimento Mobilit\u00e0 Urbana, a parziale modifica ed integrazione delle ordinanze dirigenziali n. 433 e 442 rispettivamente del 9 e 10 maggio scorsi, ha disposto ieri con provvedimento n. 459 il posticipo degli interventi di riqualificazione a decorrere da marted\u00ec 4 giugno e sono stati adottati nuovi provvedimenti viari. <\/span><div id=\"div-gpt-ad-Messinaoggi.it-DSK-300x250-corpoart\" style=\"text-align:center;margin:0 auto;\"><\/div><\/p>\n<p class=\"p1\" style=\"text-align: justify;\"><span class=\"s1\">Pertanto, da oggi, venerd\u00ec 17, sino a luned\u00ec 3 giugno, \u00e8 consentito il transito veicolare nella galleria San Jachiddu esclusivamente nella fascia oraria 7-21 delle giornate lavorative, con presidi fissi di pattuglie del Corpo di Polizia municipale all\u2019accesso delle rampe di collegamento della galleria sia lato viale Giostra che viale Annunziata, e con pattugliamento periodico all\u2019interno del tunnel per prevenire ed eventualmente sanzionare le violazioni ai divieti di transito, per i veicoli di massa a pieno carico superiori a 3,5 tonnellate, per gli autobus, i motocicli fino a 149 cc, i velocipedi, i pedoni, i veicoli a trazione animali e quelli che trasportano esplosivi o prodotti facilmente infiammabili; di sorpasso e al limite di velocit\u00e0 di 40 Km\/h, anche con l\u2019impiego di dispositivi quali autovelox o quelli per richiedere tempestivamente l\u2019intervento di mezzi di soccorso in caso di incidenti. Relativamente alla circolazione all\u2019interno della galleria, sempre da oggi sino a luned\u00ec 3 giugno \u00e8 interdetto il transito veicolare, esclusivamente nella fascia oraria 21-7, delle giornate lavorative; mentre la domenica e nei giorni festivi la galleria San Jachiddu sar\u00e0 chiusa per tutto l\u2019arco delle 24 ore, giorno e notte.<\/span><div id=\"videoincontent\" style=\"clear:both\";><\/div><\/p>\n","protected":false},"excerpt":{"rendered":"<p>A seguito del tavolo tecnico convocato ieri, gioved\u00ec 16, dall\u2019assessore con delega alla Polizia Muncipale Dafne Musolino, al fine di individuare le soluzioni pi\u00f9 opportune a limitare i disagi alla circolazione veicolare che si sono creati a seguito della chiusura al transito della galleria San Jachiddu per i lavori di ripristino della funzionalit\u00e0 dell\u2019impianto di [&hellip;]<\/p>\n","protected":false},"author":2,"featured_media":31804,"comment_status":"closed","ping_status":"open","sticky":false,"template":"","format":"standard","meta":{"ub_ctt_via":"","_mi_skip_tracking":false},"categories":[5],"tags":[],"featured_image_src":"https:\/\/www.messinaoggi.it\/website\/wp-content\/uploads\/2019\/04\/galleria-svincolo-san-michele-giostra.jpg","author_info":{"display_name":"Redazione","author_link":"https:\/\/www.messinaoggi.it\/website\/author\/redazione\/"},"digistream_id":0,"digistream":false,"_links":{"self":[{"href":"https:\/\/www.messinaoggi.it\/website\/wp-json\/wp\/v2\/posts\/32704"}],"collection":[{"href":"https:\/\/www.messinaoggi.it\/website\/wp-json\/wp\/v2\/posts"}],"about":[{"href":"https:\/\/www.messinaoggi.it\/website\/wp-json\/wp\/v2\/types\/post"}],"author":[{"embeddable":true,"href":"https:\/\/www.messinaoggi.it\/website\/wp-json\/wp\/v2\/users\/2"}],"replies":[{"embeddable":true,"href":"https:\/\/www.messinaoggi.it\/website\/wp-json\/wp\/v2\/comments?post=32704"}],"version-history":[{"count":0,"href":"https:\/\/www.messinaoggi.it\/website\/wp-json\/wp\/v2\/posts\/32704\/revisions"}],"wp:featuredmedia":[{"embeddable":true,"href":"https:\/\/www.messinaoggi.it\/website\/wp-json\/wp\/v2\/media\/31804"}],"wp:attachment":[{"href":"https:\/\/www.messinaoggi.it\/website\/wp-json\/wp\/v2\/media?parent=32704"}],"wp:term":[{"taxonomy":"category","embeddable":true,"href":"https:\/\/www.messinaoggi.it\/website\/wp-json\/wp\/v2\/categories?post=32704"},{"taxonomy":"post_tag","embeddable":true,"href":"https:\/\/www.messinaoggi.it\/website\/wp-json\/wp\/v2\/tags?post=32704"}],"curies":[{"name":"wp","href":"https:\/\/api.w.org\/{rel}","templated":true}]}}