{"id":32677,"date":"2019-05-16T11:52:43","date_gmt":"2019-05-16T09:52:43","guid":{"rendered":"https:\/\/www.messinaoggi.it\/website\/?p=32677"},"modified":"2019-05-16T11:52:43","modified_gmt":"2019-05-16T09:52:43","slug":"marcia-dei-sindaci-soddisfatto-picciolo-portare-ora-in-aula-proposte-serie","status":"publish","type":"post","link":"https:\/\/www.messinaoggi.it\/website\/2019\/05\/16\/marcia-dei-sindaci-soddisfatto-picciolo-portare-ora-in-aula-proposte-serie\/","title":{"rendered":"Marcia dei sindaci, soddisfatto Picciolo: &quot;Portare ora in aula proposte serie&quot;"},"content":{"rendered":"<p>\u201c<em>Urge adesso una netta presa di posizione in Assemblea Regionale da parte di quei deputati, liberi e forti, che intendono evitare nuove soluzioni tampone, cio\u00e8 bisogna portare in aula delle proposte serie<\/em>&#8220;. \u00c8 il commento del segretario di Sicilia Futura, Beppe Picciolo, relativamente alla <a href=\"https:\/\/www.messinaoggi.it\/website\/2019\/05\/16\/marcia-dei-sindaci-micchiche-la-sicilia-non-sara-piu-mortificata\/\"><span style=\"text-decoration: underline\">marcia dei sindaci<\/span><\/a> che si \u00e8 svolta ieri a Palermo. &#8220;<em>Non accetteremo proposte penalizzanti per la Sicilia ed i siciliani<\/em>\u201d, ha aggiunto poi Picciolo.<br \/>\nIl segretario di Sicilia Futura esprime soddisfazione non soltanto per la manifestazione promossa dal sindaco metropolitano Cateno De Luca, ma anche per la prontezza con cui il presidente dell\u2019Ars Gianfranco Miccich\u00e9 \u201c<em>ha garantito l&#8217;apertura di un dibattito chiarificatore in Aula,<\/em> &#8211; spiega Picciolo &#8211; <em>che possa portare ad una mozione unitaria di tutti i parlamentari che non vogliono svendere i diritti del popolo siciliano. L\u2019importante \u00e8 non abbassare mai la tensione su un tema cos\u00ec strategico per i nostri territori<\/em>\u201d.<div id=\"div-gpt-ad-Messinaoggi.it-DSK-300x250-corpoart\" style=\"text-align:center;margin:0 auto;\"><\/div><\/p>\n<div id=\"videoincontent\" style=\"clear:both\";><\/div>","protected":false},"excerpt":{"rendered":"<p>\u201cUrge adesso una netta presa di posizione in Assemblea Regionale da parte di quei deputati, liberi e forti, che intendono evitare nuove soluzioni tampone, cio\u00e8 bisogna portare in aula delle proposte serie&#8220;. \u00c8 il commento del segretario di Sicilia Futura, Beppe Picciolo, relativamente alla marcia dei sindaci che si \u00e8 svolta ieri a Palermo. &#8220;Non [&hellip;]<\/p>\n","protected":false},"author":8,"featured_media":8310,"comment_status":"closed","ping_status":"open","sticky":false,"template":"","format":"standard","meta":{"ub_ctt_via":"","_mi_skip_tracking":false},"categories":[4],"tags":[],"featured_image_src":"https:\/\/www.messinaoggi.it\/website\/wp-content\/uploads\/2017\/09\/picciolo-RRP_7623-2.jpg","author_info":{"display_name":"red..me","author_link":"https:\/\/www.messinaoggi.it\/website\/author\/redstage\/"},"digistream_id":0,"digistream":false,"_links":{"self":[{"href":"https:\/\/www.messinaoggi.it\/website\/wp-json\/wp\/v2\/posts\/32677"}],"collection":[{"href":"https:\/\/www.messinaoggi.it\/website\/wp-json\/wp\/v2\/posts"}],"about":[{"href":"https:\/\/www.messinaoggi.it\/website\/wp-json\/wp\/v2\/types\/post"}],"author":[{"embeddable":true,"href":"https:\/\/www.messinaoggi.it\/website\/wp-json\/wp\/v2\/users\/8"}],"replies":[{"embeddable":true,"href":"https:\/\/www.messinaoggi.it\/website\/wp-json\/wp\/v2\/comments?post=32677"}],"version-history":[{"count":0,"href":"https:\/\/www.messinaoggi.it\/website\/wp-json\/wp\/v2\/posts\/32677\/revisions"}],"wp:featuredmedia":[{"embeddable":true,"href":"https:\/\/www.messinaoggi.it\/website\/wp-json\/wp\/v2\/media\/8310"}],"wp:attachment":[{"href":"https:\/\/www.messinaoggi.it\/website\/wp-json\/wp\/v2\/media?parent=32677"}],"wp:term":[{"taxonomy":"category","embeddable":true,"href":"https:\/\/www.messinaoggi.it\/website\/wp-json\/wp\/v2\/categories?post=32677"},{"taxonomy":"post_tag","embeddable":true,"href":"https:\/\/www.messinaoggi.it\/website\/wp-json\/wp\/v2\/tags?post=32677"}],"curies":[{"name":"wp","href":"https:\/\/api.w.org\/{rel}","templated":true}]}}