{"id":32676,"date":"2019-05-16T11:30:35","date_gmt":"2019-05-16T09:30:35","guid":{"rendered":"https:\/\/www.messinaoggi.it\/website\/?p=32676"},"modified":"2019-05-16T11:30:35","modified_gmt":"2019-05-16T09:30:35","slug":"marcia-dei-sindaci-micchiche-la-sicilia-non-sara-piu-mortificata","status":"publish","type":"post","link":"https:\/\/www.messinaoggi.it\/website\/2019\/05\/16\/marcia-dei-sindaci-micchiche-la-sicilia-non-sara-piu-mortificata\/","title":{"rendered":"Marcia dei sindaci, Micchich\u00e8: &quot;La Sicilia non sar\u00e0 pi\u00f9 mortificata&quot;"},"content":{"rendered":"<p style=\"text-align: justify;\">Si \u00e8 svolta nella giornata di ieri la nuova marcia dei sindaci promossa dal sindaco metropolitano Cateno De Luca per protestare contro il governo regionale e nazionale, in quanto resisi responsabili di non aver fatto abbastanza per riassestare le finanze dell\u2019ex Provincia di Messina e, pi\u00f9 in generale, delle citt\u00e0 metropolitane e dei liberi consorzi siciliani. In particolare, dopo una prima manifestazione tenutasi lo scorso primo maggio di fronte al Palazzo della Prefettura di Messina, il fronte dei sindaci capitanato da De Luca si \u00e8 spostato ieri a Palermo per far sentire la propria voce di dissenso direttamente al governo regionale.<div id=\"div-gpt-ad-Messinaoggi.it-DSK-300x250-corpoart\" style=\"text-align:center;margin:0 auto;\"><\/div><\/p>\n<p style=\"text-align: justify;\">L\u2019obiettivo \u00e8 fondamentalmente quello di rinegoziare i trasferimenti di denaro a favore delle ex province siciliane dagli iniziali 150 milioni di euro a 350 milioni, sfruttando perlopi\u00f9 i fondi destinati agli investimenti.<div id=\"videoincontent\" style=\"clear:both\";><\/div><\/p>\n<p style=\"text-align: justify;\">La protesta sembrerebbe aver sortito un qualche effetto positivo, considerato che il presidente dell\u2019Ars Gianfranco Miccich\u00e8 si \u00e8 impegnato a \u201c<em>garantire [relativamente a tale argomento] il voto sull\u2019ordine del giorno alla prima seduta dell\u2019aula, ritenendo prioritarie le istanze dei tanti sindaci siciliani<\/em>\u201d. \u201c<em>La Sicilia non dovr\u00e0 mai pi\u00f9 essere discriminata o mortificata rispetto al resto del Paese<\/em>\u201d, ha poi aggiunto il presidente dell\u2019Ars.<\/p>\n","protected":false},"excerpt":{"rendered":"<p>Si \u00e8 svolta nella giornata di ieri la nuova marcia dei sindaci promossa dal sindaco metropolitano Cateno De Luca per protestare contro il governo regionale e nazionale, in quanto resisi responsabili di non aver fatto abbastanza per riassestare le finanze dell\u2019ex Provincia di Messina e, pi\u00f9 in generale, delle citt\u00e0 metropolitane e dei liberi consorzi [&hellip;]<\/p>\n","protected":false},"author":8,"featured_media":8222,"comment_status":"closed","ping_status":"open","sticky":false,"template":"","format":"standard","meta":{"ub_ctt_via":"","_mi_skip_tracking":false},"categories":[11],"tags":[],"featured_image_src":"https:\/\/www.messinaoggi.it\/website\/wp-content\/uploads\/2017\/09\/L-genovese-palaculturaRRP_7480-2.jpg","author_info":{"display_name":"red..me","author_link":"https:\/\/www.messinaoggi.it\/website\/author\/redstage\/"},"digistream_id":0,"digistream":false,"_links":{"self":[{"href":"https:\/\/www.messinaoggi.it\/website\/wp-json\/wp\/v2\/posts\/32676"}],"collection":[{"href":"https:\/\/www.messinaoggi.it\/website\/wp-json\/wp\/v2\/posts"}],"about":[{"href":"https:\/\/www.messinaoggi.it\/website\/wp-json\/wp\/v2\/types\/post"}],"author":[{"embeddable":true,"href":"https:\/\/www.messinaoggi.it\/website\/wp-json\/wp\/v2\/users\/8"}],"replies":[{"embeddable":true,"href":"https:\/\/www.messinaoggi.it\/website\/wp-json\/wp\/v2\/comments?post=32676"}],"version-history":[{"count":0,"href":"https:\/\/www.messinaoggi.it\/website\/wp-json\/wp\/v2\/posts\/32676\/revisions"}],"wp:featuredmedia":[{"embeddable":true,"href":"https:\/\/www.messinaoggi.it\/website\/wp-json\/wp\/v2\/media\/8222"}],"wp:attachment":[{"href":"https:\/\/www.messinaoggi.it\/website\/wp-json\/wp\/v2\/media?parent=32676"}],"wp:term":[{"taxonomy":"category","embeddable":true,"href":"https:\/\/www.messinaoggi.it\/website\/wp-json\/wp\/v2\/categories?post=32676"},{"taxonomy":"post_tag","embeddable":true,"href":"https:\/\/www.messinaoggi.it\/website\/wp-json\/wp\/v2\/tags?post=32676"}],"curies":[{"name":"wp","href":"https:\/\/api.w.org\/{rel}","templated":true}]}}