{"id":32657,"date":"2019-05-15T12:21:10","date_gmt":"2019-05-15T10:21:10","guid":{"rendered":"https:\/\/www.messinaoggi.it\/website\/?p=32657"},"modified":"2019-05-15T12:21:10","modified_gmt":"2019-05-15T10:21:10","slug":"chioschi-di-piazza-cairoli-gioveni-ne-chiede-il-recupero","status":"publish","type":"post","link":"https:\/\/www.messinaoggi.it\/website\/2019\/05\/15\/chioschi-di-piazza-cairoli-gioveni-ne-chiede-il-recupero\/","title":{"rendered":"Chioschi di piazza Cairoli, Gioveni ne chiede il recupero"},"content":{"rendered":"<p>&#8220;<em>Appare superfluo rimarcare l\u2019importanza di riaprire due altri storici pezzi della nostra citt\u00e0, non soltanto perch\u00e9 si trovano nell\u2019antico e centralissimo &#8216;salotto&#8217; di Messina, ma anche per gli effetti turistici che essi potrebbero positivamente determinare, indipendentemente da chi andr\u00e0 a gestirli in futuro<\/em>&#8220;. <span class=\"st\">\u00c8 quanto si pu\u00f2 leggere in un&#8217;interrogazione indirizzata al sindaco Cateno De Luca da parte del consigliere comunale Libero Gioveni, nella quale vengono chieste maggiori delucidazioni circa le intenzioni da parte del primo cittadino di recuperare e riaprire i noti chioschi di piazza Cairoli, uno dei quali risulta completamente abbandonato addirittura dal 2013.<\/span><br \/>\n&#8220;<em>Il prezioso Chiosco di piazza Cairoli <\/em>&#8211; prosegue Gioveni &#8211; <em>ubicato nella parte a sud (per tantissimi anni frequentatissimo specie nei fine settimana), insieme all\u2019ottocentesco Chioschetto sito nella parte opposta della piazza dato in concessione diversi anni fa ma oggi anch\u2019esso nuovamente chiuso, rappresentavano certamente dei validissimi punti di ritrovo per parecchi cittadini di tutte le et\u00e0. Da informazioni assunte dal sottoscritto, per esempio, il Chiosco sito a sud ha chiuso i battenti nel lontano mese di febbraio 2013, quindi esattamente 6 anni fa, essendo stato oggetto tra l\u2019altro di un contenzioso di cui non si \u00e8 poi saputo pi\u00f9 nulla!<\/em><br \/>\n&#8220;<em>Se a tutto questo si aggiunge anche il fatto che una futura concessione delle strutture, oltre ad offrire un servizio di ristoro ai cittadini, potr\u00e0 fare incassare anche un canone all\u2019Ente (che di questi tempi certamente non guasta), non si pu\u00f2 non pensare di ridare loro vita!<\/em><br \/>\n&#8220;<em>Pertanto, in virt\u00f9 di quanto sopra esposto e proposto, interrogo il Sindaco (nella sua qualit\u00e0 anche di assessore al Patrimonio) al fine di conoscere gli intendimenti dell\u2019Amministrazione circa la possibilit\u00e0 e opportunit\u00e0 di recuperare i due Chioschi di piazza Cairoli, al fine di renderli nuovamente fruibili alla cittadinanza tutta<\/em>&#8220;.<div id=\"div-gpt-ad-Messinaoggi.it-DSK-300x250-corpoart\" style=\"text-align:center;margin:0 auto;\"><\/div><\/p>\n<div id=\"videoincontent\" style=\"clear:both\";><\/div>","protected":false},"excerpt":{"rendered":"<p>&#8220;Appare superfluo rimarcare l\u2019importanza di riaprire due altri storici pezzi della nostra citt\u00e0, non soltanto perch\u00e9 si trovano nell\u2019antico e centralissimo &#8216;salotto&#8217; di Messina, ma anche per gli effetti turistici che essi potrebbero positivamente determinare, indipendentemente da chi andr\u00e0 a gestirli in futuro&#8220;. \u00c8 quanto si pu\u00f2 leggere in un&#8217;interrogazione indirizzata al sindaco Cateno De [&hellip;]<\/p>\n","protected":false},"author":8,"featured_media":28677,"comment_status":"closed","ping_status":"open","sticky":false,"template":"","format":"standard","meta":{"ub_ctt_via":"","_mi_skip_tracking":false},"categories":[4],"tags":[],"featured_image_src":"https:\/\/www.messinaoggi.it\/website\/wp-content\/uploads\/2019\/01\/Libero-Gioveni.jpg","author_info":{"display_name":"red..me","author_link":"https:\/\/www.messinaoggi.it\/website\/author\/redstage\/"},"digistream_id":0,"digistream":false,"_links":{"self":[{"href":"https:\/\/www.messinaoggi.it\/website\/wp-json\/wp\/v2\/posts\/32657"}],"collection":[{"href":"https:\/\/www.messinaoggi.it\/website\/wp-json\/wp\/v2\/posts"}],"about":[{"href":"https:\/\/www.messinaoggi.it\/website\/wp-json\/wp\/v2\/types\/post"}],"author":[{"embeddable":true,"href":"https:\/\/www.messinaoggi.it\/website\/wp-json\/wp\/v2\/users\/8"}],"replies":[{"embeddable":true,"href":"https:\/\/www.messinaoggi.it\/website\/wp-json\/wp\/v2\/comments?post=32657"}],"version-history":[{"count":0,"href":"https:\/\/www.messinaoggi.it\/website\/wp-json\/wp\/v2\/posts\/32657\/revisions"}],"wp:featuredmedia":[{"embeddable":true,"href":"https:\/\/www.messinaoggi.it\/website\/wp-json\/wp\/v2\/media\/28677"}],"wp:attachment":[{"href":"https:\/\/www.messinaoggi.it\/website\/wp-json\/wp\/v2\/media?parent=32657"}],"wp:term":[{"taxonomy":"category","embeddable":true,"href":"https:\/\/www.messinaoggi.it\/website\/wp-json\/wp\/v2\/categories?post=32657"},{"taxonomy":"post_tag","embeddable":true,"href":"https:\/\/www.messinaoggi.it\/website\/wp-json\/wp\/v2\/tags?post=32657"}],"curies":[{"name":"wp","href":"https:\/\/api.w.org\/{rel}","templated":true}]}}