{"id":32651,"date":"2019-05-15T12:02:57","date_gmt":"2019-05-15T10:02:57","guid":{"rendered":"https:\/\/www.messinaoggi.it\/website\/?p=32651"},"modified":"2019-05-15T12:02:57","modified_gmt":"2019-05-15T10:02:57","slug":"chiusa-la-galleria-s-jachiddu-e-caos","status":"publish","type":"post","link":"https:\/\/www.messinaoggi.it\/website\/2019\/05\/15\/chiusa-la-galleria-s-jachiddu-e-caos\/","title":{"rendered":"Chiusa la galleria S. Jachiddu: \u00e8 caos"},"content":{"rendered":"<p>La temporanea chiusura 24 ore su 24 della galleria San Jachiddu sta producendo degli effetti devastanti alla V e VI Circoscrizione: si fatica a stimare la lunghezza complessiva delle code che si sono venute a creare stamani sulla circonvallazione e vie limitrofe, sul viale Annunziata e sulla litoranea. Uno scenario devastante a detta di alcuni, che sta creando numerosi disagi a quella fetta di popolazione messinese che giornalmente \u00e8 costretta ad attraversare le suddette strade per recarsi a scuola o a lavoro, ma non solo: \u201c<em>Anche le attivit\u00e0 commerciali stanno riscontrando un fortissimo calo delle vendite e diversi esercenti sono pronti alla protesta<\/em>\u201d, dichiara al riguardo il consigliere della V Circoscrizione Franco Laimo, chiedendo pertanto una repentina modifica degli orari di chiusura della galleria San Jachiddu, che dovrebbe essere nuovamente aperta al traffico veicolare tra circa due settimane.<br \/>\n<a href=\"https:\/\/www.messinaoggi.it\/website\/wp-content\/uploads\/2019\/05\/traffico.jpg\"><img loading=\"lazy\" class=\"alignnone size-full wp-image-32655\" src=\"https:\/\/www.messinaoggi.it\/website\/wp-content\/uploads\/2019\/05\/traffico.jpg\" alt=\"\" width=\"4128\" height=\"3096\" \/><\/a><br \/>\n&#8220;<em>Ieri pomeriggio intorno alle 18,<\/em> &#8211; prosegue Laimo &#8211; <em>un&#8217;ambulanza \u00e8 rimasta bloccata nel traffico avendo grosse difficolt\u00e0. Ad appesantire inoltre la situazione sono alcuni cantieri presenti lungo la circonvallazione fra il Viale Regina Elena e la Via Nuova Panoramica per la fibra ottica.<\/em><br \/>\n<a href=\"https:\/\/www.messinaoggi.it\/website\/wp-content\/uploads\/2019\/05\/traffico-3.jpg\"><img loading=\"lazy\" class=\"alignnone size-full wp-image-32654\" src=\"https:\/\/www.messinaoggi.it\/website\/wp-content\/uploads\/2019\/05\/traffico-3.jpg\" alt=\"\" width=\"3096\" height=\"4128\" \/><\/a><br \/>\nLaimo ricorda poi che l&#8217;intera zona tra San Licandro e l&#8217;Annunziata, compresa la circonvallazione, si \u00e8 largamente antropizzata in questi ultimi anni, aumentando vertiginosamente il livello di densit\u00e0 abitativa; dunque non pu\u00f2 non tenersi conto del numero di utenti che giornalmente utilizzano quell&#8217;importante via di fuga, cio\u00e8 la galleria, che permette alla collettivit\u00e0 tutta di giungere poi agli snodi autostradali, e non solo.<div id=\"div-gpt-ad-Messinaoggi.it-DSK-300x250-corpoart\" style=\"text-align:center;margin:0 auto;\"><\/div><\/p>\n<div id=\"videoincontent\" style=\"clear:both\";><\/div>","protected":false},"excerpt":{"rendered":"<p>La temporanea chiusura 24 ore su 24 della galleria San Jachiddu sta producendo degli effetti devastanti alla V e VI Circoscrizione: si fatica a stimare la lunghezza complessiva delle code che si sono venute a creare stamani sulla circonvallazione e vie limitrofe, sul viale Annunziata e sulla litoranea. Uno scenario devastante a detta di alcuni, [&hellip;]<\/p>\n","protected":false},"author":8,"featured_media":32653,"comment_status":"closed","ping_status":"open","sticky":false,"template":"","format":"standard","meta":{"ub_ctt_via":"","_mi_skip_tracking":false},"categories":[6],"tags":[],"featured_image_src":"https:\/\/www.messinaoggi.it\/website\/wp-content\/uploads\/2019\/05\/traffico-2.jpg","author_info":{"display_name":"red..me","author_link":"https:\/\/www.messinaoggi.it\/website\/author\/redstage\/"},"digistream_id":0,"digistream":false,"_links":{"self":[{"href":"https:\/\/www.messinaoggi.it\/website\/wp-json\/wp\/v2\/posts\/32651"}],"collection":[{"href":"https:\/\/www.messinaoggi.it\/website\/wp-json\/wp\/v2\/posts"}],"about":[{"href":"https:\/\/www.messinaoggi.it\/website\/wp-json\/wp\/v2\/types\/post"}],"author":[{"embeddable":true,"href":"https:\/\/www.messinaoggi.it\/website\/wp-json\/wp\/v2\/users\/8"}],"replies":[{"embeddable":true,"href":"https:\/\/www.messinaoggi.it\/website\/wp-json\/wp\/v2\/comments?post=32651"}],"version-history":[{"count":0,"href":"https:\/\/www.messinaoggi.it\/website\/wp-json\/wp\/v2\/posts\/32651\/revisions"}],"wp:featuredmedia":[{"embeddable":true,"href":"https:\/\/www.messinaoggi.it\/website\/wp-json\/wp\/v2\/media\/32653"}],"wp:attachment":[{"href":"https:\/\/www.messinaoggi.it\/website\/wp-json\/wp\/v2\/media?parent=32651"}],"wp:term":[{"taxonomy":"category","embeddable":true,"href":"https:\/\/www.messinaoggi.it\/website\/wp-json\/wp\/v2\/categories?post=32651"},{"taxonomy":"post_tag","embeddable":true,"href":"https:\/\/www.messinaoggi.it\/website\/wp-json\/wp\/v2\/tags?post=32651"}],"curies":[{"name":"wp","href":"https:\/\/api.w.org\/{rel}","templated":true}]}}