{"id":32644,"date":"2019-05-15T08:23:45","date_gmt":"2019-05-15T06:23:45","guid":{"rendered":"https:\/\/www.messinaoggi.it\/website\/?p=32644"},"modified":"2019-05-15T08:23:45","modified_gmt":"2019-05-15T06:23:45","slug":"taglio-vitalizi-cancelleri-e-morano-bisogna-fare-in-fretta","status":"publish","type":"post","link":"https:\/\/www.messinaoggi.it\/website\/2019\/05\/15\/taglio-vitalizi-cancelleri-e-morano-bisogna-fare-in-fretta\/","title":{"rendered":"Taglio vitalizi, Cancelleri e Morano: &quot;Bisogna fare in fretta&quot;"},"content":{"rendered":"<p><!-- [if gte mso 9]&gt;--><br \/>\n<!-- [if gte mso 9]&gt;--><div id=\"div-gpt-ad-Messinaoggi.it-DSK-300x250-corpoart\" style=\"text-align:center;margin:0 auto;\"><\/div><\/p>\n<p class=\"MsoNormal\"><span style=\"font-size: 12.0pt;line-height: 107%;font-family: 'Arial',sans-serif\">\u201c<i>I tempi sono stretti e si deve fare in fretta, se non si vuole arrecare l\u2019ennesimo danno alla Sicilia<\/i>\u201d. Cos\u00ec i componenti all\u2019Ars della commissione vitalizi per il Movimento 5 Stelle, Giancarlo Cancelleri e Jose Marano, <\/span><span style=\"font-size: 12.0pt;line-height: 107%;font-family: 'Arial',sans-serif\">relativamente al taglio dei vitalizi degli ex deputati all\u2019Ars in quanto, &#8220;<em>se il taglio non arriver\u00e0 entro maggio, la Sicilia subir\u00e0 una riduzione dei trasferimenti statali del 20 per cento<\/em>&#8220;, cos\u00ec come ci tengono a precisare successivamente i due deputati pentastellati. In particolare, nella giornata di oggi si insedier\u00e0 all\u2019Ars la relativa commissione che dovr\u00e0 decidere su questo spinoso tema.<br \/>\n<\/span><div id=\"videoincontent\" style=\"clear:both\";><\/div><\/p>\n<p class=\"MsoNormal\"><span style=\"font-size: 12.0pt;line-height: 107%;font-family: 'Arial',sans-serif\">\u201c<i>Per salvare i privilegi di pochi<\/i> \u2013 proseguono Cancelleri e Marano \u2013 <i>si rischia dunque di sacrificare gli interessi di molti, visto che l&#8217;eventuale taglio dei trasferimenti statali provocher\u00e0 l\u2019azzeramento o la riduzione di importanti servizi ai cittadini<\/i>\u201d.<\/span><\/p>\n<p class=\"MsoNormal\"><span style=\"font-size: 12.0pt;line-height: 107%;font-family: 'Arial',sans-serif\">\u201c<i>Vediamo<\/i> \u2013 dicono i deputati \u2013 <i>a cosa si aggrapperanno i partiti per evitare il taglio. Nei giorni scorsi \u00e8 caduta pure la scusa della presunta incostituzionalit\u00e0 dei tagli, visto che \u00e8 stata la stessa Consulta, pronunciandosi sui tagli del trentino Alto Adige, a sancire che il ricalcolo degli assegni non \u00e8 incostituzionale<\/i>\u201d<\/span>.<\/p>\n","protected":false},"excerpt":{"rendered":"<p>\u201cI tempi sono stretti e si deve fare in fretta, se non si vuole arrecare l\u2019ennesimo danno alla Sicilia\u201d. Cos\u00ec i componenti all\u2019Ars della commissione vitalizi per il Movimento 5 Stelle, Giancarlo Cancelleri e Jose Marano, relativamente al taglio dei vitalizi degli ex deputati all\u2019Ars in quanto, &#8220;se il taglio non arriver\u00e0 entro maggio, la [&hellip;]<\/p>\n","protected":false},"author":8,"featured_media":32645,"comment_status":"closed","ping_status":"open","sticky":false,"template":"","format":"standard","meta":{"ub_ctt_via":"","_mi_skip_tracking":false},"categories":[11],"tags":[],"featured_image_src":"https:\/\/www.messinaoggi.it\/website\/wp-content\/uploads\/2019\/05\/Marano-e-Cancelleri.jpeg","author_info":{"display_name":"red..me","author_link":"https:\/\/www.messinaoggi.it\/website\/author\/redstage\/"},"digistream_id":0,"digistream":false,"_links":{"self":[{"href":"https:\/\/www.messinaoggi.it\/website\/wp-json\/wp\/v2\/posts\/32644"}],"collection":[{"href":"https:\/\/www.messinaoggi.it\/website\/wp-json\/wp\/v2\/posts"}],"about":[{"href":"https:\/\/www.messinaoggi.it\/website\/wp-json\/wp\/v2\/types\/post"}],"author":[{"embeddable":true,"href":"https:\/\/www.messinaoggi.it\/website\/wp-json\/wp\/v2\/users\/8"}],"replies":[{"embeddable":true,"href":"https:\/\/www.messinaoggi.it\/website\/wp-json\/wp\/v2\/comments?post=32644"}],"version-history":[{"count":0,"href":"https:\/\/www.messinaoggi.it\/website\/wp-json\/wp\/v2\/posts\/32644\/revisions"}],"wp:featuredmedia":[{"embeddable":true,"href":"https:\/\/www.messinaoggi.it\/website\/wp-json\/wp\/v2\/media\/32645"}],"wp:attachment":[{"href":"https:\/\/www.messinaoggi.it\/website\/wp-json\/wp\/v2\/media?parent=32644"}],"wp:term":[{"taxonomy":"category","embeddable":true,"href":"https:\/\/www.messinaoggi.it\/website\/wp-json\/wp\/v2\/categories?post=32644"},{"taxonomy":"post_tag","embeddable":true,"href":"https:\/\/www.messinaoggi.it\/website\/wp-json\/wp\/v2\/tags?post=32644"}],"curies":[{"name":"wp","href":"https:\/\/api.w.org\/{rel}","templated":true}]}}