{"id":3261,"date":"2017-06-22T09:51:28","date_gmt":"2017-06-22T07:51:28","guid":{"rendered":"http:\/\/www.messinaoggi.it\/website\/?p=3261"},"modified":"2017-06-22T09:51:28","modified_gmt":"2017-06-22T07:51:28","slug":"sanita-alagna-fermeremo-il-tentativo-di-aggressione-allirccs","status":"publish","type":"post","link":"https:\/\/www.messinaoggi.it\/website\/2017\/06\/22\/sanita-alagna-fermeremo-il-tentativo-di-aggressione-allirccs\/","title":{"rendered":"Sanit\u00e0, Alagna: &quot;Fermeremo il tentativo di aggressione all&#039;IRCCS&quot;"},"content":{"rendered":"<p>Esordisce affermando \u201c<em>Per noi prima vengono i malati<\/em>\u201d, salvo poi lanciare alcuni strali all\u2019indirizzo del Policlinico. <em>Dino Alagana <\/em>(<strong>il primo da sinistra nella foto)<\/strong>, direttore sanitario del Piemonte-Irccs, all\u2019indomani della polemica scatenata dalle prese di posizioni dei parlamentari regionali Pippo Laccoto e Peppe Picciolo, riguardo la Rete ospedaliera, chiarisce la posizione della \u201csua\u201d azienda sanitaria.<br \/>\nIl direttore generale <strong>Angelo Aliqu\u00f2<\/strong> mantiene il cosiddetto \u201c<strong>low profile<\/strong>\u201d dal momento che il suo contratto \u00e8 in scadenza, e non si infila in una polemica a distanza fra il blocco delle aziende sanitarie messinesi e il Neurolesi. L\u2019IRCCS, alla luce della nuova Rete ospedaliera, ha ottenuto il massimo di quanto si potesse avere e adesso \u00e8 iniziata l\u2019operazione decisamente volta a \u201cspogliare\u201d il Piemonte-IRCCS che, alla resa dei conti si configura come un\u2019eccellenza nel panorama sanitario siciliano.<br \/>\nLa nuova configurazione non \u00e8 andata gi\u00f9 a qualcuno e la polemica \u00e8 stata montata artatamente. Oggi Alagna specifica che in riferimento al documento condiviso c\u2019\u00e8 stata un po\u2019 disinformazione. \u201cNon abbiamo firmato nulla, se non un documento datato 10 ottobre 2016, quando la Rete ospedaliera doveva anche essere predisposta\u201d.<br \/>\n<strong>Avverte un atteggiamento ostativo?<\/strong><br \/>\n<em>\u201cIndubbiamente s\u00ec. Da parte del Policlinico c\u2019\u00e8 il tentativo di recuperare qualche Unit\u00e0 operativa a discapito dell\u2019IRCCS\u201d.<\/em><br \/>\n<strong>Qualche politico ci sta marciando sopra?<\/strong><br \/>\n<em>\u201cSicuramente c\u2019\u00e8 il tentativo politico di contrastare la nostra azienda. Denoto in questa citt\u00e0 una certa schizofrenia: lo scorso anno molti parlamentari erano schierati in difesa del Piemonte e sostenevano la fusione con l\u2019IRCCS, adesso tentano di buttarci gi\u00f9\u201d.<\/em><br \/>\n<strong>Possibile che state dando fastidio a qualcuno? Magari a qualche altra azienda\u2026<\/strong><br \/>\n<em>\u201cGuardi, probabilmente non si aspettavano le nostre performaces. I servizi che noi offriamo sono soddisfacenti, non perch\u00e9 lo dico io ma perch\u00e9 troviamo il gradimento dei cittadini. Noi, comunque, non intendiamo la Sanit\u00e0 come una sfida, ma come un servizio da rendere alla collettivit\u00e0. A noi interessa questo, il resto no. Comunque ci difenderemo da quest&#8217;aggressisone\u201d.<\/em><div id=\"div-gpt-ad-Messinaoggi.it-DSK-300x250-corpoart\" style=\"text-align:center;margin:0 auto;\"><\/div><\/p>\n<div id=\"videoincontent\" style=\"clear:both\";><\/div>","protected":false},"excerpt":{"rendered":"<p>Esordisce affermando \u201cPer noi prima vengono i malati\u201d, salvo poi lanciare alcuni strali all\u2019indirizzo del Policlinico. Dino Alagana (il primo da sinistra nella foto), direttore sanitario del Piemonte-Irccs, all\u2019indomani della polemica scatenata dalle prese di posizioni dei parlamentari regionali Pippo Laccoto e Peppe Picciolo, riguardo la Rete ospedaliera, chiarisce la posizione della \u201csua\u201d azienda sanitaria. [&hellip;]<\/p>\n","protected":false},"author":2,"featured_media":1382,"comment_status":"closed","ping_status":"open","sticky":false,"template":"","format":"standard","meta":{"ub_ctt_via":"","_mi_skip_tracking":false},"categories":[19],"tags":[],"featured_image_src":"https:\/\/www.messinaoggi.it\/website\/wp-content\/uploads\/2017\/06\/Alagna-Bernardo-Aliquo-Angelo-Bramanti-Dino-2.jpg","author_info":{"display_name":"Redazione","author_link":"https:\/\/www.messinaoggi.it\/website\/author\/redazione\/"},"digistream_id":0,"digistream":false,"_links":{"self":[{"href":"https:\/\/www.messinaoggi.it\/website\/wp-json\/wp\/v2\/posts\/3261"}],"collection":[{"href":"https:\/\/www.messinaoggi.it\/website\/wp-json\/wp\/v2\/posts"}],"about":[{"href":"https:\/\/www.messinaoggi.it\/website\/wp-json\/wp\/v2\/types\/post"}],"author":[{"embeddable":true,"href":"https:\/\/www.messinaoggi.it\/website\/wp-json\/wp\/v2\/users\/2"}],"replies":[{"embeddable":true,"href":"https:\/\/www.messinaoggi.it\/website\/wp-json\/wp\/v2\/comments?post=3261"}],"version-history":[{"count":0,"href":"https:\/\/www.messinaoggi.it\/website\/wp-json\/wp\/v2\/posts\/3261\/revisions"}],"wp:featuredmedia":[{"embeddable":true,"href":"https:\/\/www.messinaoggi.it\/website\/wp-json\/wp\/v2\/media\/1382"}],"wp:attachment":[{"href":"https:\/\/www.messinaoggi.it\/website\/wp-json\/wp\/v2\/media?parent=3261"}],"wp:term":[{"taxonomy":"category","embeddable":true,"href":"https:\/\/www.messinaoggi.it\/website\/wp-json\/wp\/v2\/categories?post=3261"},{"taxonomy":"post_tag","embeddable":true,"href":"https:\/\/www.messinaoggi.it\/website\/wp-json\/wp\/v2\/tags?post=3261"}],"curies":[{"name":"wp","href":"https:\/\/api.w.org\/{rel}","templated":true}]}}