{"id":32606,"date":"2019-05-14T16:22:41","date_gmt":"2019-05-14T14:22:41","guid":{"rendered":"https:\/\/www.messinaoggi.it\/website\/?p=32606"},"modified":"2019-05-14T16:22:41","modified_gmt":"2019-05-14T14:22:41","slug":"a18-auto-vola-dal-viadotto-due-feriti-gravi","status":"publish","type":"post","link":"https:\/\/www.messinaoggi.it\/website\/2019\/05\/14\/a18-auto-vola-dal-viadotto-due-feriti-gravi\/","title":{"rendered":"A18, auto vola dal viadotto: due feriti gravi"},"content":{"rendered":"<p>Incidente sulla A18 in direzione Messina. Un\u2019Audi \u00e8 volata dal viadotto Briga, due le persone in maniera grave. La vettura sarebbe uscita di strada in maniera autonoma, forse alla base dell&#8217;incidente vi sarebbe stata l&#8217;alta velocit\u00e0 con la quale \u00e8 stata imboccata la curva. L&#8217;incidente si \u00e8 verificato nel primo pomeriggio.<br \/>\nL&#8217;allarme \u00e8 stato lanciato da alcuni testimoni e sul posto sono giunte tempestivamente gli agenti della Polizia stradale del Distaccamento di Giardini Naxos e i vigili del fuoco per estrarre i due feriti dalle lamiere dell&#8217;auto. I sanitari del 118 hanno trasportato i due feriti in codice rosso, in gravi condizioni di vita, al Pronto soccorso del Policlinico universitario.<br \/>\n<img loading=\"lazy\" class=\"alignnone size-medium wp-image-32604\" src=\"https:\/\/www.messinaoggi.it\/website\/wp-content\/uploads\/2019\/05\/F355395B-604F-423E-AEC9-BE1DED329BC4-300x257.jpeg\" alt=\"\" width=\"300\" height=\"257\" \/><div id=\"div-gpt-ad-Messinaoggi.it-DSK-300x250-corpoart\" style=\"text-align:center;margin:0 auto;\"><\/div><\/p>\n<div id=\"videoincontent\" style=\"clear:both\";><\/div>","protected":false},"excerpt":{"rendered":"<p>Incidente sulla A18 in direzione Messina. Un\u2019Audi \u00e8 volata dal viadotto Briga, due le persone in maniera grave. La vettura sarebbe uscita di strada in maniera autonoma, forse alla base dell&#8217;incidente vi sarebbe stata l&#8217;alta velocit\u00e0 con la quale \u00e8 stata imboccata la curva. L&#8217;incidente si \u00e8 verificato nel primo pomeriggio. L&#8217;allarme \u00e8 stato lanciato [&hellip;]<\/p>\n","protected":false},"author":2,"featured_media":32603,"comment_status":"closed","ping_status":"open","sticky":false,"template":"","format":"standard","meta":{"ub_ctt_via":"","_mi_skip_tracking":false},"categories":[19],"tags":[],"featured_image_src":"https:\/\/www.messinaoggi.it\/website\/wp-content\/uploads\/2019\/05\/FD280296-EE83-4E97-B36C-382F292E39B2.jpeg","author_info":{"display_name":"Redazione","author_link":"https:\/\/www.messinaoggi.it\/website\/author\/redazione\/"},"digistream_id":0,"digistream":false,"_links":{"self":[{"href":"https:\/\/www.messinaoggi.it\/website\/wp-json\/wp\/v2\/posts\/32606"}],"collection":[{"href":"https:\/\/www.messinaoggi.it\/website\/wp-json\/wp\/v2\/posts"}],"about":[{"href":"https:\/\/www.messinaoggi.it\/website\/wp-json\/wp\/v2\/types\/post"}],"author":[{"embeddable":true,"href":"https:\/\/www.messinaoggi.it\/website\/wp-json\/wp\/v2\/users\/2"}],"replies":[{"embeddable":true,"href":"https:\/\/www.messinaoggi.it\/website\/wp-json\/wp\/v2\/comments?post=32606"}],"version-history":[{"count":0,"href":"https:\/\/www.messinaoggi.it\/website\/wp-json\/wp\/v2\/posts\/32606\/revisions"}],"wp:featuredmedia":[{"embeddable":true,"href":"https:\/\/www.messinaoggi.it\/website\/wp-json\/wp\/v2\/media\/32603"}],"wp:attachment":[{"href":"https:\/\/www.messinaoggi.it\/website\/wp-json\/wp\/v2\/media?parent=32606"}],"wp:term":[{"taxonomy":"category","embeddable":true,"href":"https:\/\/www.messinaoggi.it\/website\/wp-json\/wp\/v2\/categories?post=32606"},{"taxonomy":"post_tag","embeddable":true,"href":"https:\/\/www.messinaoggi.it\/website\/wp-json\/wp\/v2\/tags?post=32606"}],"curies":[{"name":"wp","href":"https:\/\/api.w.org\/{rel}","templated":true}]}}