{"id":32588,"date":"2019-05-14T09:41:02","date_gmt":"2019-05-14T07:41:02","guid":{"rendered":"https:\/\/www.messinaoggi.it\/website\/?p=32588"},"modified":"2019-05-14T09:41:02","modified_gmt":"2019-05-14T07:41:02","slug":"meteo-ancora-variabilita-domani-qualche-rovescio","status":"publish","type":"post","link":"https:\/\/www.messinaoggi.it\/website\/2019\/05\/14\/meteo-ancora-variabilita-domani-qualche-rovescio\/","title":{"rendered":"Meteo, ancora variabilit\u00e0: domani qualche rovescio"},"content":{"rendered":"<p class=\"p1\"><span class=\"s1\">Ma che fine ha fatto la primavera? E&#8217; una delle domande pi\u00f9 ricorrenti dei profani, che francamente prendono solo un granchio, distorcendo nettamente il reale decorso di una stagione di transizione. Una stagione di transizione \u00e8 distinta dalla altre proprio dalla spiccata dinamicit\u00e0 che avvicenda senza soluzioni di continuit\u00e0 rigurgiti invernali ai primi tepori tardo primaverili.<\/span><div id=\"div-gpt-ad-Messinaoggi.it-DSK-300x250-corpoart\" style=\"text-align:center;margin:0 auto;\"><\/div><\/p>\n<p class=\"p1\"><span class=\"s1\">Attualmente, la Sicilia sta vivendo un breve ciclo termico orientato al sotto media, con uno scarto negativo di 6\u00b0.<\/span><div id=\"videoincontent\" style=\"clear:both\";><\/div><\/p>\n<p class=\"p1\"><span class=\"s1\">Giornate abbastanza fresche ma non fredde, quota neve prossima ai 2200 metri e vento cavaliere sospeso almeno fino a quando l&#8217;anticiclone delle Azzorre non riprender\u00e0 il comando delle operazioni zonali.<\/span><\/p>\n<p class=\"p1\"><span class=\"s1\">La debole goccia fredda che oggi ha assunto la sua postazione sulle regioni meridionali, non \u00e8 riuscita smistare una fenomenologia rimarchevole in nessuna localit\u00e0 del messinese.<\/span><\/p>\n<p class=\"p1\"><span class=\"s1\">Oltre all&#8217;irreperibile gradiente verticale ( soltanto una +5 a 850 hpa e una -23 a 500 hpa), il lento getto libecciale, in temporanea deviazione occidentale, ha frenato esponenzialmente il moto della cumulogenesi interna.<\/span><\/p>\n<p class=\"p1\"><span class=\"s1\">Risultato? Qualche rovescio soltanto sull&#8217;entroterra, mentre area dello Stretto e messinese tirrenico sono rimasti con i pluviometri assetati. Non c&#8217;\u00e8 proprio nulla da fare, siamo in piena aridit\u00e0 e non riusciremo a uscirne nemmeno nelle prossime 48 h. Andiamo ad analizzare i motivi.<\/span><\/p>\n<p class=\"p1\"><span class=\"s1\">Gfs evidenzia lo stallo della debolissima circolazione depressionaria, blandamente corroborata dal ramo principale del getto polare.<\/span><\/p>\n<p class=\"p1\"><span class=\"s1\">Gi\u00e0 dalla tarda mattinata di martedi 14, la gi\u00e0 flaccida spira ciclonica perder\u00e0 ulteriore mordente, mediante un lieve rialzo del campo di gpt ( 556 dam).<\/span><\/p>\n<p class=\"p1\"><span class=\"s1\">L&#8217;anomalia negativa di gpt sar\u00e0 pertanto smussata da un netto depotenziamento baroclino, instaurando un blando regime di locale variabilit\u00e0 negativa, che senza alcun gradiente verticale non potr\u00e0 mai maturare in fasi marcatamente perturbate meritorie di Now casting.<\/span><\/p>\n<p class=\"p1\"><span class=\"s1\">La -24 a 500 hpa non avr\u00e0 alcuna utilit\u00e0 ai fini di destabilizzare adeguatamente la colona d&#8217;aria e il tempo sar\u00e0 nel complesso variabile ma mai seriamente perturbato.<\/span><\/p>\n<p class=\"p1\"><span class=\"s1\">Martedi mattina, fra le 5 e le 9, qualche isolato congesto marittimo potrebbe tergiversare fra Stromboli e il Tirreno Calabrese, mentre soltanto parte della costa tirrenica messinese potrebbe essere interessata da qualche addensamento cumuliforme. La citt\u00e0 potrebbe essere transeuntemente reidrata soltanto in mattinata fra le 6 e le 8, mentre dalla tarda mattinata la nuvolosit\u00e0 tender\u00e0 a diradarsi, lasciando l&#8217;eredit\u00e0 ad ampie aperture strettesi.<\/span><\/p>\n<p class=\"p1\"><span class=\"s1\">Nel primo pomeriggio, una blanda attivit\u00e0 cumuliforme di natura termo-convettiva proceder\u00e0 verso levante, bagnando parte del basso messinese ionico ( 3-4 mm).<\/span><\/p>\n<p class=\"p1\"><span class=\"s1\">Mercoledi l&#8217;instabilit\u00e0 sar\u00e0 in voga essenzialmente fra Eolie e versante tirrenico, con tempo decisamente inaffidabile mai mai cinico.<\/span><\/p>\n<p class=\"p1\"><span class=\"s1\">Addensamenti cumuliformi avvettivi irregolari si alterneranno a lunghi intervalli soleggiati, dispensando occasionali rovesci di pioggia di debole intensit\u00e0, in un contesto di blanda variabilit\u00e0 localmente negativa, senza alcun fenomeno scabroso.<\/span><\/p>\n<p class=\"p1\"><span class=\"s1\">Anche mercoledi sar\u00e0 impossibile riscontrare un buon gradiente verticale (-22 a 500 hpa).<\/span><\/p>\n<p class=\"p1\"><span class=\"s1\">I venti spireranno debolmente da ponente e maestro (W-NW) mentre le correnti aeree saranno estremamente felpate martedi mattina.<\/span><\/p>\n<p class=\"p1\"><span class=\"s1\">La temperatura permarr\u00e0 di alcuna gradi sotto la media stagionale, con massime che si attesteranno sui 17\u00b0 all&#8217;ombra.<\/span><\/p>\n<p class=\"p1\"><span class=\"s1\">Il tasso dell&#8217;Ur far\u00e0 segnare valori mediamente elevati compresi fra il 50 e l&#8217;85%.<\/span><\/p>\n<p class=\"p1\"><span class=\"s1\">Le tendenze del tempo a medio termine prefigurano una parziale intensificazione dell&#8217;instabilit\u00e0 soltanto nel corso di giovedi.<\/span><\/p>\n<p class=\"p1\"><span class=\"s1\">Fra il Tirreno occidentale e Ustica si originer\u00e0 un nuovo cut off, che veicoler\u00e0 un sostenuto getto libecciale.<\/span><\/p>\n<p class=\"p1\"><span class=\"s1\">Piovaschi e qualche scroscio localmene intenso potrebbero risalire fin verso l&#8217;area dello Stretto, con un richiamo meridionale ai bassi strati che potrebbe agevolare l&#8217;innesco di una insidiosa linea di convergenza, ambiente ideale alla formazione di estesi cumulonembi anche in assenza di aliti freddi a 500 hpa. E in questo caso, la temperatura dei mari ( ancora abbastanza fredda) non offrirebbe alcuna correit\u00e0. Auguriamoci che questa parentesi perturbata vada in porto, apportando piogge benefiche e preziose, poich\u00e8 da ora in poi ogni occasione piovosa va accolta come una manna dal cielo. Siamo gi\u00e0 in pesante deficit. Un grazie di cuore e arrivederci.<\/span><\/p>\n<p style=\"text-align: right;\"><strong>Alessio Campobello<\/strong><\/p>\n","protected":false},"excerpt":{"rendered":"<p>Ma che fine ha fatto la primavera? E&#8217; una delle domande pi\u00f9 ricorrenti dei profani, che francamente prendono solo un granchio, distorcendo nettamente il reale decorso di una stagione di transizione. Una stagione di transizione \u00e8 distinta dalla altre proprio dalla spiccata dinamicit\u00e0 che avvicenda senza soluzioni di continuit\u00e0 rigurgiti invernali ai primi tepori tardo [&hellip;]<\/p>\n","protected":false},"author":2,"featured_media":32589,"comment_status":"closed","ping_status":"open","sticky":false,"template":"","format":"standard","meta":{"ub_ctt_via":"","_mi_skip_tracking":false},"categories":[6],"tags":[],"featured_image_src":"https:\/\/www.messinaoggi.it\/website\/wp-content\/uploads\/2019\/05\/gfs-0-24-2.png","author_info":{"display_name":"Redazione","author_link":"https:\/\/www.messinaoggi.it\/website\/author\/redazione\/"},"digistream_id":0,"digistream":false,"_links":{"self":[{"href":"https:\/\/www.messinaoggi.it\/website\/wp-json\/wp\/v2\/posts\/32588"}],"collection":[{"href":"https:\/\/www.messinaoggi.it\/website\/wp-json\/wp\/v2\/posts"}],"about":[{"href":"https:\/\/www.messinaoggi.it\/website\/wp-json\/wp\/v2\/types\/post"}],"author":[{"embeddable":true,"href":"https:\/\/www.messinaoggi.it\/website\/wp-json\/wp\/v2\/users\/2"}],"replies":[{"embeddable":true,"href":"https:\/\/www.messinaoggi.it\/website\/wp-json\/wp\/v2\/comments?post=32588"}],"version-history":[{"count":0,"href":"https:\/\/www.messinaoggi.it\/website\/wp-json\/wp\/v2\/posts\/32588\/revisions"}],"wp:featuredmedia":[{"embeddable":true,"href":"https:\/\/www.messinaoggi.it\/website\/wp-json\/wp\/v2\/media\/32589"}],"wp:attachment":[{"href":"https:\/\/www.messinaoggi.it\/website\/wp-json\/wp\/v2\/media?parent=32588"}],"wp:term":[{"taxonomy":"category","embeddable":true,"href":"https:\/\/www.messinaoggi.it\/website\/wp-json\/wp\/v2\/categories?post=32588"},{"taxonomy":"post_tag","embeddable":true,"href":"https:\/\/www.messinaoggi.it\/website\/wp-json\/wp\/v2\/tags?post=32588"}],"curies":[{"name":"wp","href":"https:\/\/api.w.org\/{rel}","templated":true}]}}