{"id":32560,"date":"2019-05-13T18:16:35","date_gmt":"2019-05-13T16:16:35","guid":{"rendered":"https:\/\/www.messinaoggi.it\/website\/?p=32560"},"modified":"2019-05-13T18:16:35","modified_gmt":"2019-05-13T16:16:35","slug":"galleria-san-jachiddu-completamente-chiusa-da-domani-a-fine-mese","status":"publish","type":"post","link":"https:\/\/www.messinaoggi.it\/website\/2019\/05\/13\/galleria-san-jachiddu-completamente-chiusa-da-domani-a-fine-mese\/","title":{"rendered":"Galleria San Jachiddu completamente chiusa da domani a fine mese"},"content":{"rendered":"<p>Si profilano giorni &#8220;caldi&#8221; per la viabilit\u00e0 cittadina. Infatti, d<span class=\"s1\">alle ore 8.30 di domani, marted\u00ec 14, alle 18.30 di venerd\u00ec 31, saranno effettuati interventi di manutenzione dell\u2019impianto di illuminazione della galleria San Jachiddu, che collega i viali Giostra e Annunziata. Pertanto, al fine di consentirne l\u2019esecuzione, sar\u00e0 vietato il transito veicolare in entrambi i sensi di marcia, provvedendo ad interdire le bretelle di collegamento, sia lato viale Giostra che Annunziata.<\/span><div id=\"div-gpt-ad-Messinaoggi.it-DSK-300x250-corpoart\" style=\"text-align:center;margin:0 auto;\"><\/div><\/p>\n<div id=\"videoincontent\" style=\"clear:both\";><\/div>","protected":false},"excerpt":{"rendered":"<p>Si profilano giorni &#8220;caldi&#8221; per la viabilit\u00e0 cittadina. Infatti, dalle ore 8.30 di domani, marted\u00ec 14, alle 18.30 di venerd\u00ec 31, saranno effettuati interventi di manutenzione dell\u2019impianto di illuminazione della galleria San Jachiddu, che collega i viali Giostra e Annunziata. Pertanto, al fine di consentirne l\u2019esecuzione, sar\u00e0 vietato il transito veicolare in entrambi i sensi [&hellip;]<\/p>\n","protected":false},"author":2,"featured_media":4221,"comment_status":"closed","ping_status":"open","sticky":false,"template":"","format":"standard","meta":{"ub_ctt_via":"","_mi_skip_tracking":false},"categories":[5],"tags":[],"featured_image_src":"https:\/\/www.messinaoggi.it\/website\/wp-content\/uploads\/2017\/07\/galleria-san-jachiddu-2.jpg","author_info":{"display_name":"Redazione","author_link":"https:\/\/www.messinaoggi.it\/website\/author\/redazione\/"},"digistream_id":0,"digistream":false,"_links":{"self":[{"href":"https:\/\/www.messinaoggi.it\/website\/wp-json\/wp\/v2\/posts\/32560"}],"collection":[{"href":"https:\/\/www.messinaoggi.it\/website\/wp-json\/wp\/v2\/posts"}],"about":[{"href":"https:\/\/www.messinaoggi.it\/website\/wp-json\/wp\/v2\/types\/post"}],"author":[{"embeddable":true,"href":"https:\/\/www.messinaoggi.it\/website\/wp-json\/wp\/v2\/users\/2"}],"replies":[{"embeddable":true,"href":"https:\/\/www.messinaoggi.it\/website\/wp-json\/wp\/v2\/comments?post=32560"}],"version-history":[{"count":0,"href":"https:\/\/www.messinaoggi.it\/website\/wp-json\/wp\/v2\/posts\/32560\/revisions"}],"wp:featuredmedia":[{"embeddable":true,"href":"https:\/\/www.messinaoggi.it\/website\/wp-json\/wp\/v2\/media\/4221"}],"wp:attachment":[{"href":"https:\/\/www.messinaoggi.it\/website\/wp-json\/wp\/v2\/media?parent=32560"}],"wp:term":[{"taxonomy":"category","embeddable":true,"href":"https:\/\/www.messinaoggi.it\/website\/wp-json\/wp\/v2\/categories?post=32560"},{"taxonomy":"post_tag","embeddable":true,"href":"https:\/\/www.messinaoggi.it\/website\/wp-json\/wp\/v2\/tags?post=32560"}],"curies":[{"name":"wp","href":"https:\/\/api.w.org\/{rel}","templated":true}]}}