{"id":32559,"date":"2019-05-13T17:16:08","date_gmt":"2019-05-13T15:16:08","guid":{"rendered":"https:\/\/www.messinaoggi.it\/website\/?p=32559"},"modified":"2019-05-13T17:16:08","modified_gmt":"2019-05-13T15:16:08","slug":"pride-dello-stretto-riunione-operativa-a-palazzo-zanca","status":"publish","type":"post","link":"https:\/\/www.messinaoggi.it\/website\/2019\/05\/13\/pride-dello-stretto-riunione-operativa-a-palazzo-zanca\/","title":{"rendered":"&quot;Pride dello Stretto&quot;, riunione operativa a Palazzo Zanca"},"content":{"rendered":"<p class=\"p1\" style=\"text-align: justify;\"><span class=\"s1\">Alla presenza degli assessori alle Pari Opportunit\u00e0, Carlotta Previti, ed alla Protezione Civile, Massimiliano Minutoli, si \u00e8 svolto stamani un tavolo di coordinamento per definire gli aspetti organizzativi del Gay Pride, in programma a Messina il prossimo 8 giugno. <\/span><div id=\"div-gpt-ad-Messinaoggi.it-DSK-300x250-corpoart\" style=\"text-align:center;margin:0 auto;\"><\/div><\/p>\n<p class=\"p1\" style=\"text-align: justify;\"><span class=\"s1\">All\u2019incontro hanno preso parte il presidente dell\u2019Arcigay Rosario Duca, Mariagrazia Interdonato componente del CdA MessinaServizi Bene Comune, Maria Grazia Gemelli del dipartimento Manutenzione Immobili comunali e rappresentanti del dipartimento Viabilit\u00e0 e del Corpo di Polizia Municipale, e i rappresentanti di Confcommercio e Confesercenti \u201cCome Amministrazione comunale \u2013 ha sottolineato l\u2019assessore Minutoli \u2013 per lo svolgimento di questo evento stiamo fornendo tutto il supporto necessario per garantirne la sicurezza sotto l\u2019aspetto sanitario ed emergenziale. Sar\u00e0 preso in considerazione il Piano comunale A di Protezione civile, poich\u00e8 il percorso \u00e8 simile a quello gi\u00e0 collaudato per la processione delle Barette e quindi si auspica che l\u2019ordinanza che sar\u00e0 predisposta dal dipartimento Mobilit\u00e0 Urbana, il supporto della Polizia municipale e del comitato organizzatore possano assicurare il buon esito della manifestazione\u201d. \u201cL\u2019Amministrazione comunale \u2013 ha proseguito l\u2019assessore Previti \u2013 \u00e8 al fianco del comitato organizzatore del Gay Pride che deve rappresentare una festa per la difesa dei diritti delle minoranze e dei pi\u00f9 deboli con il ruolo di coordinare i servizi, affinch\u00e9 tutto si svolga nella maniera pi\u00f9 pacifica e nel rispetto delle regole. Oggi si \u00e9 avviato e insediato il tavolo di coordinamento con le associazioni di categoria al fine di coinvolgerle nella programmazione insieme al presidente Duca. La sinergia d\u2019intenti con tutte le forze locali, economiche e sociali della citt\u00e0 contribuir\u00e0 a rendere il Pride una festa per tutti i cittadini\u201d. \u201cConfermo quanto ribadito dall\u2019assessore Previti \u2013 ha concluso il presidente Duca \u2013 e quindi l\u2019assoluta sinergia tra il coordinamento Arcigay e l\u2019Amministrazione comunale; lavoreremo insieme per la migliore riuscita dell\u2019evento\u201d.<\/span><div id=\"videoincontent\" style=\"clear:both\";><\/div><\/p>\n","protected":false},"excerpt":{"rendered":"<p>Alla presenza degli assessori alle Pari Opportunit\u00e0, Carlotta Previti, ed alla Protezione Civile, Massimiliano Minutoli, si \u00e8 svolto stamani un tavolo di coordinamento per definire gli aspetti organizzativi del Gay Pride, in programma a Messina il prossimo 8 giugno. All\u2019incontro hanno preso parte il presidente dell\u2019Arcigay Rosario Duca, Mariagrazia Interdonato componente del CdA MessinaServizi Bene [&hellip;]<\/p>\n","protected":false},"author":2,"featured_media":30511,"comment_status":"closed","ping_status":"open","sticky":false,"template":"","format":"standard","meta":{"ub_ctt_via":"","_mi_skip_tracking":false},"categories":[5],"tags":[],"featured_image_src":"https:\/\/www.messinaoggi.it\/website\/wp-content\/uploads\/2019\/03\/gay-pride-italia-2019-onda-pride-2019.jpg","author_info":{"display_name":"Redazione","author_link":"https:\/\/www.messinaoggi.it\/website\/author\/redazione\/"},"digistream_id":0,"digistream":false,"_links":{"self":[{"href":"https:\/\/www.messinaoggi.it\/website\/wp-json\/wp\/v2\/posts\/32559"}],"collection":[{"href":"https:\/\/www.messinaoggi.it\/website\/wp-json\/wp\/v2\/posts"}],"about":[{"href":"https:\/\/www.messinaoggi.it\/website\/wp-json\/wp\/v2\/types\/post"}],"author":[{"embeddable":true,"href":"https:\/\/www.messinaoggi.it\/website\/wp-json\/wp\/v2\/users\/2"}],"replies":[{"embeddable":true,"href":"https:\/\/www.messinaoggi.it\/website\/wp-json\/wp\/v2\/comments?post=32559"}],"version-history":[{"count":0,"href":"https:\/\/www.messinaoggi.it\/website\/wp-json\/wp\/v2\/posts\/32559\/revisions"}],"wp:featuredmedia":[{"embeddable":true,"href":"https:\/\/www.messinaoggi.it\/website\/wp-json\/wp\/v2\/media\/30511"}],"wp:attachment":[{"href":"https:\/\/www.messinaoggi.it\/website\/wp-json\/wp\/v2\/media?parent=32559"}],"wp:term":[{"taxonomy":"category","embeddable":true,"href":"https:\/\/www.messinaoggi.it\/website\/wp-json\/wp\/v2\/categories?post=32559"},{"taxonomy":"post_tag","embeddable":true,"href":"https:\/\/www.messinaoggi.it\/website\/wp-json\/wp\/v2\/tags?post=32559"}],"curies":[{"name":"wp","href":"https:\/\/api.w.org\/{rel}","templated":true}]}}