{"id":32545,"date":"2019-05-13T11:42:04","date_gmt":"2019-05-13T09:42:04","guid":{"rendered":"https:\/\/www.messinaoggi.it\/website\/?p=32545"},"modified":"2019-05-13T11:42:04","modified_gmt":"2019-05-13T09:42:04","slug":"riscoprire-le-tradizioni-attraverso-la-vexilla-regis","status":"publish","type":"post","link":"https:\/\/www.messinaoggi.it\/website\/2019\/05\/13\/riscoprire-le-tradizioni-attraverso-la-vexilla-regis\/","title":{"rendered":"Riscoprire le tradizioni attraverso la Vexilla Regis"},"content":{"rendered":"<p>Domenica, alle ore 18.30, presso la \u00a0Chiesa di Ges\u00f9 e Maria, avr\u00e0 luogo il Convegno dal titolo \u201cVisillanti\u201d: i protagonisti del Vexilla Regis\u201d, organizzato dall\u2019associazione culturale Genius Loci presieduta dall\u2019architetto Marcello Crin\u00f2.<br \/>\nTutti i protagonisti e gli interpreti del \u201cVexilla regis\u201d, e cio\u00e8 i Visillanti, insieme, per una sera. Un incontro questo per ricordare a tutti che quando si parla della visilla si parla \u00a0del \u00a0bene culturale \u201cimmateriale\u201d pi\u00f9 importante della nostra citt\u00e0, inserito con la processione delle Varette del Venerd\u00ec Santo nel <em>Registro delle Eredit\u00e0 Immateriali della Sicilia<\/em>, un patrimonio \u00a0storico e religioso da custodire, preservare e valorizzare sempre di pi\u00f9.<br \/>\nCon quest\u2019evento la Genius Loci si propone di \u00a0<em>valorizzare<\/em> <em>il Vexilla Regis<\/em> e <em>sostenere<\/em> e <em>difendere<\/em> questo micro mondo fatto di fede, tradizioni familiari, popolari e musicali, passione e devozione.<br \/>\nAll\u2019evento prenderanno parte tutti i gruppi di visillanti barcellonesi \u00a0tra cui la \u00a0Confraternita S. Eusenzio; Visillanti i Simboli della Passione; Visillanti il Signore a Cascata, Visillanti Ultima Cena, Visillanti il Crocifisso, Visillanti Ecce Homo; Maria Santissima dell\u2019Immacolata; Visillanti del Signore morto; Visillanti Ges\u00f9 cade con la croce; Visillanti il Signore alla Colonna, Visillanti Orto degli Ulivi e Visillanti Ges\u00f9 porta la croce.\u00a0\u00a0\u00a0\u00a0\u00a0\u00a0\u00a0\u00a0\u00a0\u00a0\u00a0\u00a0\u00a0\u00a0\u00a0\u00a0\u00a0\u00a0\u00a0\u00a0\u00a0\u00a0\u00a0\u00a0\u00a0\u00a0\u00a0\u00a0\u00a0\u00a0\u00a0\u00a0\u00a0\u00a0\u00a0\u00a0\u00a0\u00a0\u00a0\u00a0\u00a0\u00a0\u00a0\u00a0\u00a0\u00a0\u00a0\u00a0\u00a0\u00a0\u00a0\u00a0\u00a0\u00a0\u00a0\u00a0\u00a0\u00a0\u00a0\u00a0\u00a0\u00a0\u00a0\u00a0\u00a0\u00a0 \u00a0\u00a0\u00a0\u00a0\u00a0\u00a0\u00a0\u00a0\u00a0\u00a0\u00a0\u00a0\u00a0\u00a0\u00a0\u00a0\u00a0\u00a0\u00a0\u00a0\u00a0\u00a0\u00a0\u00a0\u00a0\u00a0\u00a0\u00a0\u00a0\u00a0\u00a0\u00a0\u00a0\u00a0\u00a0\u00a0\u00a0\u00a0\u00a0\u00a0\u00a0\u00a0\u00a0\u00a0\u00a0\u00a0\u00a0\u00a0\u00a0\u00a0\u00a0\u00a0\u00a0\u00a0\u00a0\u00a0\u00a0\u00a0\u00a0\u00a0\u00a0\u00a0\u00a0\u00a0\u00a0\u00a0\u00a0\u00a0\u00a0\u00a0\u00a0\u00a0\u00a0\u00a0\u00a0\u00a0\u00a0\u00a0\u00a0\u00a0\u00a0\u00a0\u00a0\u00a0\u00a0\u00a0\u00a0\u00a0\u00a0\u00a0\u00a0\u00a0\u00a0\u00a0\u00a0\u00a0\u00a0\u00a0\u00a0\u00a0\u00a0\u00a0\u00a0\u00a0I dodici, nell\u2019arco della serata, presenteranno le relative vare che accompagnano, ogni anno, durante la processione delle Varette del Venerd\u00ec santo\u00a0 e intoneranno \u201cdue piedi di Visilla\u201d ciascuno.<br \/>\nLa serata si concluder\u00e0 con la\u00a0 lettura di due brevi relazioni, a cura della Genius Loci,\u00a0 con Massimo Sindoni e Marcello Crin\u00f2 sulla \u201cVisilla\u201d e sulle \u201cVare\u201d di Barcellona Pozzo di Gotto faranno da cornice a questa <em>\u201cunica\u201d<\/em> serata. I barcellonesi ed i pozzogottesi, partecipando, potranno cosi identificare, nomi e volti dei vari gruppi di Visillanti. Ricordare la vara che accompagnano ed emozionarsi per il suggestivo lamento e pianto che i vari Visillanti intoneranno.<br \/>\nUn evento da non perdere\u00a0 per riscoprire le proprie tradizioni e conoscere qualcosa in pi\u00f9 \u00a0sulle proprie\u00a0 origini.<br \/>\n <div id=\"div-gpt-ad-Messinaoggi.it-DSK-300x250-corpoart\" style=\"text-align:center;margin:0 auto;\"><\/div><\/p>\n<div id=\"videoincontent\" style=\"clear:both\";><\/div>","protected":false},"excerpt":{"rendered":"<p>Domenica, alle ore 18.30, presso la \u00a0Chiesa di Ges\u00f9 e Maria, avr\u00e0 luogo il Convegno dal titolo \u201cVisillanti\u201d: i protagonisti del Vexilla Regis\u201d, organizzato dall\u2019associazione culturale Genius Loci presieduta dall\u2019architetto Marcello Crin\u00f2. Tutti i protagonisti e gli interpreti del \u201cVexilla regis\u201d, e cio\u00e8 i Visillanti, insieme, per una sera. Un incontro questo per ricordare a [&hellip;]<\/p>\n","protected":false},"author":5,"featured_media":32546,"comment_status":"closed","ping_status":"open","sticky":false,"template":"","format":"standard","meta":{"ub_ctt_via":"","_mi_skip_tracking":false},"categories":[16],"tags":[],"featured_image_src":"https:\/\/www.messinaoggi.it\/website\/wp-content\/uploads\/2019\/05\/LOCANDINA6641.jpg","author_info":{"display_name":"Maria Antonella Saia","author_link":"https:\/\/www.messinaoggi.it\/website\/author\/m-saia\/"},"digistream_id":0,"digistream":false,"_links":{"self":[{"href":"https:\/\/www.messinaoggi.it\/website\/wp-json\/wp\/v2\/posts\/32545"}],"collection":[{"href":"https:\/\/www.messinaoggi.it\/website\/wp-json\/wp\/v2\/posts"}],"about":[{"href":"https:\/\/www.messinaoggi.it\/website\/wp-json\/wp\/v2\/types\/post"}],"author":[{"embeddable":true,"href":"https:\/\/www.messinaoggi.it\/website\/wp-json\/wp\/v2\/users\/5"}],"replies":[{"embeddable":true,"href":"https:\/\/www.messinaoggi.it\/website\/wp-json\/wp\/v2\/comments?post=32545"}],"version-history":[{"count":0,"href":"https:\/\/www.messinaoggi.it\/website\/wp-json\/wp\/v2\/posts\/32545\/revisions"}],"wp:featuredmedia":[{"embeddable":true,"href":"https:\/\/www.messinaoggi.it\/website\/wp-json\/wp\/v2\/media\/32546"}],"wp:attachment":[{"href":"https:\/\/www.messinaoggi.it\/website\/wp-json\/wp\/v2\/media?parent=32545"}],"wp:term":[{"taxonomy":"category","embeddable":true,"href":"https:\/\/www.messinaoggi.it\/website\/wp-json\/wp\/v2\/categories?post=32545"},{"taxonomy":"post_tag","embeddable":true,"href":"https:\/\/www.messinaoggi.it\/website\/wp-json\/wp\/v2\/tags?post=32545"}],"curies":[{"name":"wp","href":"https:\/\/api.w.org\/{rel}","templated":true}]}}