{"id":32544,"date":"2019-05-13T11:51:11","date_gmt":"2019-05-13T09:51:11","guid":{"rendered":"https:\/\/www.messinaoggi.it\/website\/?p=32544"},"modified":"2019-05-13T11:51:11","modified_gmt":"2019-05-13T09:51:11","slug":"bicincitta-decine-le-famiglie-in-sella-a-pedalare-lungo-le-vie-della-citta","status":"publish","type":"post","link":"https:\/\/www.messinaoggi.it\/website\/2019\/05\/13\/bicincitta-decine-le-famiglie-in-sella-a-pedalare-lungo-le-vie-della-citta\/","title":{"rendered":"Bicincitt\u00e0, decine le famiglie in sella a pedalare lungo le vie della citt\u00e0"},"content":{"rendered":"<p>Un corteo di biciclette dalle forme e colori diversi \u00e8 sfilato nella giornata di ieri tra le vie del centro cittadino, sfidando dunque anche le iniziali condizioni meteorologiche avverse, in occasione della 33esima edizione del Bicincitt\u00e0, manifestazione che si tiene ogni anno in oltre 60 citt\u00e0 italiane. In particolare, nella citt\u00e0 dello Stretto il raduno \u00e8 stato organizzato dal comitato Uisp (Unione italiana sport per tutti) di Messina e vi hanno preso parte oltre cento ciclisti.<br \/>\n<a href=\"https:\/\/www.messinaoggi.it\/website\/wp-content\/uploads\/2019\/05\/bicincitt\u00e0-2019-1.jpg\"><img loading=\"lazy\" class=\"alignnone size-full wp-image-32547\" src=\"https:\/\/www.messinaoggi.it\/website\/wp-content\/uploads\/2019\/05\/bicincitt\u00e0-2019-1.jpg\" alt=\"\" width=\"1824\" height=\"1368\" \/><\/a><br \/>\nDecine di famiglie in sella alle proprie biciclette hanno attraversato le strade della citt\u00e0, accompagnate dai motociclisti del corpo della Polizia Municipale e dai volontari dell\u2019ACCIR. Una manifestazione che ha entusiasmato i partecipanti e che ha risvegliato nei tanti il desiderio di poter utilizzare la bicicletta nella quotidianit\u00e0, contrariamente a quanto riportato nei dati del Rapporto \u201cMobilitAria\u201d 2019 presentato da Kyoto Club e dal CNR che vedono Messina come fanalino di coda sull&#8217;uso della bicicletta.<br \/>\nIl presidente del comitato Uisp di Messina, Santino Cannav\u00f2, nel corso della manifestazione ha anticipato il progetto in elaborazione Pedala con noi il quale prevedr\u00e0 un calendario di pedalate per tutti, da proporre alla citt\u00e0. La manifestazione si \u00e8 conclusa dopo la visita al Forte San Salvatore e alla Lanterna del Montorsoli siti nella zona Falcata. Ai partecipanti \u00e8 stata omaggiata una T-shirt, offerta frutta ed acqua di rete.<div id=\"div-gpt-ad-Messinaoggi.it-DSK-300x250-corpoart\" style=\"text-align:center;margin:0 auto;\"><\/div><\/p>\n<div id=\"videoincontent\" style=\"clear:both\";><\/div>","protected":false},"excerpt":{"rendered":"<p>Un corteo di biciclette dalle forme e colori diversi \u00e8 sfilato nella giornata di ieri tra le vie del centro cittadino, sfidando dunque anche le iniziali condizioni meteorologiche avverse, in occasione della 33esima edizione del Bicincitt\u00e0, manifestazione che si tiene ogni anno in oltre 60 citt\u00e0 italiane. In particolare, nella citt\u00e0 dello Stretto il raduno [&hellip;]<\/p>\n","protected":false},"author":8,"featured_media":32550,"comment_status":"closed","ping_status":"open","sticky":false,"template":"","format":"standard","meta":{"ub_ctt_via":"","_mi_skip_tracking":false},"categories":[8,9],"tags":[],"featured_image_src":"https:\/\/www.messinaoggi.it\/website\/wp-content\/uploads\/2019\/05\/bicincitta-2019-4.jpg","author_info":{"display_name":"red..me","author_link":"https:\/\/www.messinaoggi.it\/website\/author\/redstage\/"},"digistream_id":0,"digistream":false,"_links":{"self":[{"href":"https:\/\/www.messinaoggi.it\/website\/wp-json\/wp\/v2\/posts\/32544"}],"collection":[{"href":"https:\/\/www.messinaoggi.it\/website\/wp-json\/wp\/v2\/posts"}],"about":[{"href":"https:\/\/www.messinaoggi.it\/website\/wp-json\/wp\/v2\/types\/post"}],"author":[{"embeddable":true,"href":"https:\/\/www.messinaoggi.it\/website\/wp-json\/wp\/v2\/users\/8"}],"replies":[{"embeddable":true,"href":"https:\/\/www.messinaoggi.it\/website\/wp-json\/wp\/v2\/comments?post=32544"}],"version-history":[{"count":0,"href":"https:\/\/www.messinaoggi.it\/website\/wp-json\/wp\/v2\/posts\/32544\/revisions"}],"wp:featuredmedia":[{"embeddable":true,"href":"https:\/\/www.messinaoggi.it\/website\/wp-json\/wp\/v2\/media\/32550"}],"wp:attachment":[{"href":"https:\/\/www.messinaoggi.it\/website\/wp-json\/wp\/v2\/media?parent=32544"}],"wp:term":[{"taxonomy":"category","embeddable":true,"href":"https:\/\/www.messinaoggi.it\/website\/wp-json\/wp\/v2\/categories?post=32544"},{"taxonomy":"post_tag","embeddable":true,"href":"https:\/\/www.messinaoggi.it\/website\/wp-json\/wp\/v2\/tags?post=32544"}],"curies":[{"name":"wp","href":"https:\/\/api.w.org\/{rel}","templated":true}]}}