{"id":32541,"date":"2019-05-12T13:00:07","date_gmt":"2019-05-12T11:00:07","guid":{"rendered":"https:\/\/www.messinaoggi.it\/website\/?p=32541"},"modified":"2019-05-12T13:00:07","modified_gmt":"2019-05-12T11:00:07","slug":"zuccarello-non-e-coinvolto-nelloperazione-terzo-livello","status":"publish","type":"post","link":"https:\/\/www.messinaoggi.it\/website\/2019\/05\/12\/zuccarello-non-e-coinvolto-nelloperazione-terzo-livello\/","title":{"rendered":"Zuccarello non \u00e8 coinvolto nell&#039;operazione &quot;Terzo Livello&quot;"},"content":{"rendered":"<p style=\"text-align: justify;\">In riferimento all&#8217;articolo pubblicato nei giorni scorsi dalla nostra testata, dal titolo: &#8220;Terzo Livello, spunta il nome di Zuccarello nelle carte dell&#8217;inchiesta&#8221;, ci scrive l&#8217;avvocato <strong>Francesca Giuffr\u00e8<\/strong> richiedendo di rettificare il contenuto dell&#8217;articolo.<div id=\"div-gpt-ad-Messinaoggi.it-DSK-300x250-corpoart\" style=\"text-align:center;margin:0 auto;\"><\/div><\/p>\n<p class=\"p1\" style=\"text-align: justify;\"><span class=\"s1\">&#8220;<em>L\u2019ex consigliere Santi Daniele Zuccarello non \u00e8 coinvolto nell\u2019operazione Terzo Livello, non essendo il suo nominativo inserito tra gli indagati di tale inchiesta penale, quest&#8217;ultimo, unitamente all\u2019ex consigliere comunale Sindoni Donatella,\u00a0 ha depositato un esposto alla Procura della Repubblica di Messina, poich\u00e9 non aveva ricevuto risposte chiare e precise dal Dirigente del Dipartimento Politiche per la Casa, Dott.ssa Maria Canale, in merito a quesiti dallo stesso posti nell\u2019 esercizio delle sue funzioni pubbliche elettive, infatti nel succitato esposto lo stesso dichiara:\u00a0\u00a0\u201c<\/em><\/span><em><span class=\"s2\">L\u2019 amministrazione paladina della trasparenza e legalit\u00e0, dovrebbe scavare a fondo e far s\u00ec che la Canale dica a chi si riferisce. E invece no, \u00e8 il fallimento della politica, perch\u00e9 manca il dialogo e siamo costretti a chiedere alla Procura di far luce<\/span><\/em><span class=\"s1\"><em>\u201d. L&#8217;ex consigliere, dunque, non ha esercitato alcuna pressione, bens\u00ec al contrario nei mesi successivi, alla data di deposito del succitato esposto, ha proseguito la sua attivit\u00e0 politica col tramite di numerose conferenze stampa e all&#8217;interno delle Commissione Consiliari, ove denunciava ingerenze politiche ed altre irregolarit\u00e0 all&#8217;interno degli Uffici e del Palazzo Comunale, in merito all&#8217;assegnazione degli alloggi<\/em>&#8220;.\u00a0<\/span><div id=\"videoincontent\" style=\"clear:both\";><\/div><\/p>\n<p style=\"text-align: justify;\"><strong>*<\/strong><em>Nonostante la rettifica non rettifichi nulla del contenuto dell&#8217;articolo, dal momento che abbiamo specificato in grassetto il fatto che Zuccarello non fosse indagato, abbiamo deciso di pubblicarla lo stesso per dare la possibilit\u00e0 all&#8217;ex consigliere comunale di replicare alla nostra notizia. Occorre, specificare che la rettifica inviata dall&#8217;avvocato Giuffr\u00e8 contiene anche una diffida a non pubblicare in futuro notizie definite fuorvianti sul conto di Zuccarello. Il tentativo del legale \u00e8 quello di comprimere un inviolabile diritto di cronaca, sancito peraltro dalla Carta costituzionale. Ne prendiamo atto, ma non ci pieghiamo a quella che ci sembra una chiara intimidazione e di ci\u00f2 informeremo l&#8217;ufficio legale dell&#8217;Ordine dei giornalisti al fine di avviare le opportune azioni contro chi tenta di comprimere il diritto di cronaca.<\/em><\/p>\n","protected":false},"excerpt":{"rendered":"<p>In riferimento all&#8217;articolo pubblicato nei giorni scorsi dalla nostra testata, dal titolo: &#8220;Terzo Livello, spunta il nome di Zuccarello nelle carte dell&#8217;inchiesta&#8221;, ci scrive l&#8217;avvocato Francesca Giuffr\u00e8 richiedendo di rettificare il contenuto dell&#8217;articolo. &#8220;L\u2019ex consigliere Santi Daniele Zuccarello non \u00e8 coinvolto nell\u2019operazione Terzo Livello, non essendo il suo nominativo inserito tra gli indagati di tale [&hellip;]<\/p>\n","protected":false},"author":2,"featured_media":1949,"comment_status":"closed","ping_status":"open","sticky":false,"template":"","format":"standard","meta":{"ub_ctt_via":"","_mi_skip_tracking":false},"categories":[4],"tags":[],"featured_image_src":"https:\/\/www.messinaoggi.it\/website\/wp-content\/uploads\/2017\/06\/Zuccarello-Daniele-1-2.jpg","author_info":{"display_name":"Redazione","author_link":"https:\/\/www.messinaoggi.it\/website\/author\/redazione\/"},"digistream_id":0,"digistream":false,"_links":{"self":[{"href":"https:\/\/www.messinaoggi.it\/website\/wp-json\/wp\/v2\/posts\/32541"}],"collection":[{"href":"https:\/\/www.messinaoggi.it\/website\/wp-json\/wp\/v2\/posts"}],"about":[{"href":"https:\/\/www.messinaoggi.it\/website\/wp-json\/wp\/v2\/types\/post"}],"author":[{"embeddable":true,"href":"https:\/\/www.messinaoggi.it\/website\/wp-json\/wp\/v2\/users\/2"}],"replies":[{"embeddable":true,"href":"https:\/\/www.messinaoggi.it\/website\/wp-json\/wp\/v2\/comments?post=32541"}],"version-history":[{"count":0,"href":"https:\/\/www.messinaoggi.it\/website\/wp-json\/wp\/v2\/posts\/32541\/revisions"}],"wp:featuredmedia":[{"embeddable":true,"href":"https:\/\/www.messinaoggi.it\/website\/wp-json\/wp\/v2\/media\/1949"}],"wp:attachment":[{"href":"https:\/\/www.messinaoggi.it\/website\/wp-json\/wp\/v2\/media?parent=32541"}],"wp:term":[{"taxonomy":"category","embeddable":true,"href":"https:\/\/www.messinaoggi.it\/website\/wp-json\/wp\/v2\/categories?post=32541"},{"taxonomy":"post_tag","embeddable":true,"href":"https:\/\/www.messinaoggi.it\/website\/wp-json\/wp\/v2\/tags?post=32541"}],"curies":[{"name":"wp","href":"https:\/\/api.w.org\/{rel}","templated":true}]}}