{"id":32540,"date":"2019-05-13T10:41:09","date_gmt":"2019-05-13T08:41:09","guid":{"rendered":"https:\/\/www.messinaoggi.it\/website\/?p=32540"},"modified":"2019-05-13T10:41:09","modified_gmt":"2019-05-13T08:41:09","slug":"messinaservizi-fp-cgil-inaccettabile-prendersela-sempre-con-i-lavoratori","status":"publish","type":"post","link":"https:\/\/www.messinaoggi.it\/website\/2019\/05\/13\/messinaservizi-fp-cgil-inaccettabile-prendersela-sempre-con-i-lavoratori\/","title":{"rendered":"MessinaServizi, Fp Cgil: &quot;Inaccettabile prendersela sempre con i lavoratori&quot;"},"content":{"rendered":"<p>\u201c<em>Un documento pieno di inesattezze e di informazioni non corrette sulle spese<\/em>\u201d. Cos\u00ec il segretario e il coordinatore provinciale della Fp Cgil, rispettivamente Francesco Fucile e Carmelo Pino, commentando l\u2019esposto alla procura presentato dal gruppo Cambiamo Messina dal Basso per via del considerevole aumento del costo del servizio di gestione dei rifiuti. I sindacalisti mettono infatti in evidenza che le dichiarazioni rilasciate dal gruppo consiliare nella relativa conferenza stampa pongono ingiustamente i lavoratori nel mezzo di uno scontro politico: \u201c<em>La Fp Cgil non ritiene accettabile<\/em> \u2013 commentano Fucile e Pino \u2013 <em>i contenuti dell\u2019esposto presentato dal movimento Cambiamo Messina dal Basso nella parte in cui i costi dei lavoratori e l\u2019ottenimento di eventuali premialit\u00e0 a seconda dei risultati raggiunti in materia di raccolta differenziata costituiscano uno dei principali problemi del servizio di raccolta rifiuti. I dipendenti in un modo o nell\u2019altro finiscono sempre con l\u2019essere colpevolizzati: questo non \u00e8 accettabile<\/em>\u201d.<br \/>\n\u201c<em>La premialit\u00e0 prevista per i lavoratori nel caso del quasi impossibile raggiungimento del 65% di raccolta differenziata entro la fine dell\u2019anno,<\/em> &#8211; proseguono i sindacalisti &#8211; <em>\u00e8 una previsione quasi capestro per gli stessi dipendenti, in quanto si tratta di un meccanismo a scalare che azzera il premio nel caso di mancato raggiungimento dell\u2019obiettivo. Siamo sempre pi\u00f9 convinti che oltre al valore da difendere di una societ\u00e0 pubblica e all\u2019azione di contrasto da mettere in campo contro la dichiarata privatizzazione ai sensi del decreto legislativo Madia, che i lavoratori rappresentino il nodo strategico per qualsiasi risultato ed obiettivo si intenda raggiungere. Non sar\u00e0 con politiche di attacco e delazione alle maestranze che questa citt\u00e0 riuscir\u00e0 ad avere un solido ed efficace sistema di raccolta dei rifiuti<\/em>\u201d.<div id=\"div-gpt-ad-Messinaoggi.it-DSK-300x250-corpoart\" style=\"text-align:center;margin:0 auto;\"><\/div><\/p>\n<div id=\"videoincontent\" style=\"clear:both\";><\/div>","protected":false},"excerpt":{"rendered":"<p>\u201cUn documento pieno di inesattezze e di informazioni non corrette sulle spese\u201d. Cos\u00ec il segretario e il coordinatore provinciale della Fp Cgil, rispettivamente Francesco Fucile e Carmelo Pino, commentando l\u2019esposto alla procura presentato dal gruppo Cambiamo Messina dal Basso per via del considerevole aumento del costo del servizio di gestione dei rifiuti. I sindacalisti mettono [&hellip;]<\/p>\n","protected":false},"author":8,"featured_media":3343,"comment_status":"closed","ping_status":"open","sticky":false,"template":"","format":"standard","meta":{"ub_ctt_via":"","_mi_skip_tracking":false},"categories":[4],"tags":[],"featured_image_src":"https:\/\/www.messinaoggi.it\/website\/wp-content\/uploads\/2017\/06\/messinambiente-lavoratori-spalle-1-2.jpg","author_info":{"display_name":"red..me","author_link":"https:\/\/www.messinaoggi.it\/website\/author\/redstage\/"},"digistream_id":0,"digistream":false,"_links":{"self":[{"href":"https:\/\/www.messinaoggi.it\/website\/wp-json\/wp\/v2\/posts\/32540"}],"collection":[{"href":"https:\/\/www.messinaoggi.it\/website\/wp-json\/wp\/v2\/posts"}],"about":[{"href":"https:\/\/www.messinaoggi.it\/website\/wp-json\/wp\/v2\/types\/post"}],"author":[{"embeddable":true,"href":"https:\/\/www.messinaoggi.it\/website\/wp-json\/wp\/v2\/users\/8"}],"replies":[{"embeddable":true,"href":"https:\/\/www.messinaoggi.it\/website\/wp-json\/wp\/v2\/comments?post=32540"}],"version-history":[{"count":0,"href":"https:\/\/www.messinaoggi.it\/website\/wp-json\/wp\/v2\/posts\/32540\/revisions"}],"wp:featuredmedia":[{"embeddable":true,"href":"https:\/\/www.messinaoggi.it\/website\/wp-json\/wp\/v2\/media\/3343"}],"wp:attachment":[{"href":"https:\/\/www.messinaoggi.it\/website\/wp-json\/wp\/v2\/media?parent=32540"}],"wp:term":[{"taxonomy":"category","embeddable":true,"href":"https:\/\/www.messinaoggi.it\/website\/wp-json\/wp\/v2\/categories?post=32540"},{"taxonomy":"post_tag","embeddable":true,"href":"https:\/\/www.messinaoggi.it\/website\/wp-json\/wp\/v2\/tags?post=32540"}],"curies":[{"name":"wp","href":"https:\/\/api.w.org\/{rel}","templated":true}]}}