{"id":32530,"date":"2019-05-12T20:27:21","date_gmt":"2019-05-12T18:27:21","guid":{"rendered":"https:\/\/www.messinaoggi.it\/website\/?p=32530"},"modified":"2019-05-12T20:27:21","modified_gmt":"2019-05-12T18:27:21","slug":"mezza-citta-senzacqua-per-un-guasto-domani-la-situazione-dovrebbe-tornare-normale","status":"publish","type":"post","link":"https:\/\/www.messinaoggi.it\/website\/2019\/05\/12\/mezza-citta-senzacqua-per-un-guasto-domani-la-situazione-dovrebbe-tornare-normale\/","title":{"rendered":"Mezza citt\u00e0 senz&#039;acqua per un guasto, situazione verso la normalit\u00e0"},"content":{"rendered":"<p>L&#8217;Amam attraverso un comunicato stampa ha reso noto che &#8220;Nell&#8217;ambito\u00a0della verifica complessiva della condotta\u00a0che serve lil serbatoio\u00a0di Tremonti, si \u00e8 proceduto a riscontrare ulteriori fragilit\u00e0 strutturali lungo la stessa galleria. Al fine di prevenire ogni ulteriore rischio si \u00e8 quindi deciso si intervenire immediatamente ed in successione ai primi interventi realizzati a causa della frattura principale.<br \/>\nLa\u00a0regolare distribuzione\u00a0idrica sta tornando verso la normalit\u00e0<strong>,\u00a0<\/strong>l&#8217;acqua sta tornando a scorrere in rete in molte\u00a0zone: Tremonti, Pisciotto, Reginelle, Orbo, Badiazza e Piraino&#8221;.<br \/>\nTuttavia si registrano disagi nell&#8217;erogazione dell&#8217;acqua in molti condomini della zona Nord, dove il prezioso liquido non scorre da questa mattina.<br \/>\n&#8220;Le operazioni per le quali ci scusiamo ancora per il disagio arrecato, si sono rese necessarie in via cautelativa, anche dopo aver riparato la condotta nella frattura principale, al fine di evitare nei prossimi mesi ulteriori interruzioni e disagi, e per escludere ogni maggiore complicazione scaturente dalla rottura totale della condotta stessa&#8221;. Si legge ancora nella nota dell&#8217;Azienda Meridionale Acque.<br \/>\n&#8220;L&#8217;Azienda &#8211; in conclusione &#8211; comprende ogni intollerabile disagio che dette operazioni hanno causato e si scusa ancora per gli interventi realizzati che sono mirati, si ripete, alla prevenzione di maggiori criticit\u00e0 che avrebbero potuto palesarsi lungo lo stesso tratto di condotta.<div id=\"div-gpt-ad-Messinaoggi.it-DSK-300x250-corpoart\" style=\"text-align:center;margin:0 auto;\"><\/div><\/p>\n<div id=\"videoincontent\" style=\"clear:both\";><\/div>","protected":false},"excerpt":{"rendered":"<p>L&#8217;Amam attraverso un comunicato stampa ha reso noto che &#8220;Nell&#8217;ambito\u00a0della verifica complessiva della condotta\u00a0che serve lil serbatoio\u00a0di Tremonti, si \u00e8 proceduto a riscontrare ulteriori fragilit\u00e0 strutturali lungo la stessa galleria. Al fine di prevenire ogni ulteriore rischio si \u00e8 quindi deciso si intervenire immediatamente ed in successione ai primi interventi realizzati a causa della frattura [&hellip;]<\/p>\n","protected":false},"author":2,"featured_media":1679,"comment_status":"closed","ping_status":"open","sticky":false,"template":"","format":"standard","meta":{"ub_ctt_via":"","_mi_skip_tracking":false},"categories":[19],"tags":[],"featured_image_src":"https:\/\/www.messinaoggi.it\/website\/wp-content\/uploads\/2017\/06\/Amam-sede-2.jpg","author_info":{"display_name":"Redazione","author_link":"https:\/\/www.messinaoggi.it\/website\/author\/redazione\/"},"digistream_id":0,"digistream":false,"_links":{"self":[{"href":"https:\/\/www.messinaoggi.it\/website\/wp-json\/wp\/v2\/posts\/32530"}],"collection":[{"href":"https:\/\/www.messinaoggi.it\/website\/wp-json\/wp\/v2\/posts"}],"about":[{"href":"https:\/\/www.messinaoggi.it\/website\/wp-json\/wp\/v2\/types\/post"}],"author":[{"embeddable":true,"href":"https:\/\/www.messinaoggi.it\/website\/wp-json\/wp\/v2\/users\/2"}],"replies":[{"embeddable":true,"href":"https:\/\/www.messinaoggi.it\/website\/wp-json\/wp\/v2\/comments?post=32530"}],"version-history":[{"count":0,"href":"https:\/\/www.messinaoggi.it\/website\/wp-json\/wp\/v2\/posts\/32530\/revisions"}],"wp:featuredmedia":[{"embeddable":true,"href":"https:\/\/www.messinaoggi.it\/website\/wp-json\/wp\/v2\/media\/1679"}],"wp:attachment":[{"href":"https:\/\/www.messinaoggi.it\/website\/wp-json\/wp\/v2\/media?parent=32530"}],"wp:term":[{"taxonomy":"category","embeddable":true,"href":"https:\/\/www.messinaoggi.it\/website\/wp-json\/wp\/v2\/categories?post=32530"},{"taxonomy":"post_tag","embeddable":true,"href":"https:\/\/www.messinaoggi.it\/website\/wp-json\/wp\/v2\/tags?post=32530"}],"curies":[{"name":"wp","href":"https:\/\/api.w.org\/{rel}","templated":true}]}}