{"id":32525,"date":"2019-05-12T19:06:10","date_gmt":"2019-05-12T17:06:10","guid":{"rendered":"https:\/\/www.messinaoggi.it\/website\/?p=32525"},"modified":"2019-05-12T19:06:10","modified_gmt":"2019-05-12T17:06:10","slug":"teatro-mandanici-vibranti-emozioni-caratterizzano-lanteprima-di-dartagnan-e-i-tre-moschettieri","status":"publish","type":"post","link":"https:\/\/www.messinaoggi.it\/website\/2019\/05\/12\/teatro-mandanici-vibranti-emozioni-caratterizzano-lanteprima-di-dartagnan-e-i-tre-moschettieri\/","title":{"rendered":"Teatro Mandanici: vibranti  emozioni caratterizzano l&#039;anteprima di D&#039;Artagnan e i tre moschettieri"},"content":{"rendered":"<p>Venerd\u00ec scorso si \u00e8 svolto nel foyer del Teatro Mandanici di Barcellona Pozzo di Gotto la presentazione \u00a0dello spettacolo \u201c<strong>D\u2019Artagnan e i Tre moschettieri \u2013 non si colpisce chi si ama, <\/strong>che andr\u00e0 in scena sabato alle ore 21.00.Prodotto dal Teatro Mandanici e liberamente ispirato all\u2019opera di Dumas, \u00a0la pi\u00e8ce vedr\u00e0 debuttare un cast\u00a0 composto\u00a0 prevalentemente da ragazzi\u00a0 che dopo \u00a0cinque mesi di intenso lavoro sono pronti adesso a calcare il palcoscenico del teatro barcellonese sperando di allietare ed emozionare il pubblico della Citt\u00e0 del Longano.<br \/>\nAd aprire i lavori \u00a0\u00e8 stato il\u00a0<strong>sindaco Roberto Materia<\/strong>, che ha salutando \u00a0e ringraziando i presenti, ha dichiarato \u00a0\u201c\u00c8 un investimento sul futuro, probabilmente l\u2019eredit\u00e0 pi\u00f9 importante che una pubblica amministrazione possa lasciare\u201d. \u201cSe anche uno solo dei talenti che si misureranno con questo spettacolo dovesse scoprire in s\u00e9, grazie all\u2019esperienza del laboratorio e dell\u2019allestimento che il Comune ha progettato e realizzato, la scintilla di un pi\u00f9 profondo interesse per l\u2019arte, la cultura, la comunicazione, la scrittura, la drammaturgia, i grandi classici, le sperimentazioni, ecco \u2013 ha concluso il primo cittadino &#8211; allora potremo dire di aver centrato una delle missioni che fondano l\u2019azione dell\u2019ente locale. Ma basta guardarli stasera, basta vedere la loro performance per constatare con quanta passione e con quanta seriet\u00e0 si stiano impegnando sotto la guida del regista Sas\u00e0 Neri e per avere certezza che nuovi interessi e soprattutto una nuova consapevolezza delle proprie capacit\u00e0 e potenzialit\u00e0 si sono sviluppati in ciascuno di loro\u201d.<br \/>\n<img loading=\"lazy\" class=\"alignnone size-medium wp-image-32527\" src=\"https:\/\/www.messinaoggi.it\/website\/wp-content\/uploads\/2019\/05\/00-5-300x172.jpg\" alt=\"\" width=\"300\" height=\"172\" \/><br \/>\nA seguire anche il<strong>\u00a0regista Sas\u00e0 Neri<\/strong>\u00a0ha preso la parola e \u00a0prima di far esibire i giovani del Laboratorio performativo, parlando del lavoro svolto ha detto: \u201c<em>\u00c8 stata un\u2019esperienza meravigliosa che non \u00e8 ancora finita e che non finir\u00e0 con lo spettacolo di giorno 18, ma continuer\u00e0 in futuro. Fino a ora abbiamo fatto tre masterclass e uno stage con grandi artisti e maestri, che hanno aiutato i ragazzi a crescere e a prendere dimestichezza con il palcoscenico, per riuscire a esprimere al meglio se stessi e a maturare costantemente, anche umanamente. Tanto lavoro, passione e coraggio hanno creato questo spettacolo, dal titolo\u00a0<\/em>D\u2019Artagnan e i Tre moschettieri<em>\u00a0e con il sottotitolo eloquente\u00a0<\/em>Non si colpisce chi si ama<em>. Fra le eccellenze del territorio c\u2019\u00e8 in primis Leonardo Mercadante, autore del testo dello spettacolo, un capolavoro che parla di Barcellona, della Francia, della Spagna, di personaggi realmente esistiti e di personaggi inventati, un insieme di storia e fantasia. I ragazzi infatti vi parleranno di amore e avventura, ma anche di temi forti come la violenza sulle donne. Ringrazio tutti, in particolar modo i giovani qui presenti, talenti da non sottovalutare e a cui auguro un futuro radioso.<\/em>\u201d<br \/>\n<img loading=\"lazy\" class=\"alignnone size-medium wp-image-32528\" src=\"https:\/\/www.messinaoggi.it\/website\/wp-content\/uploads\/2019\/05\/00-7-300x181.jpg\" alt=\"\" width=\"300\" height=\"181\" \/><br \/>\nE \u00a0poi ecco il momento\u00a0 della verit\u00e0. Dalle parole alla scena, e nel foyer del Teatro Mandanici \u00e8\u00a0 subito emozione che viaggia\u00a0 sulle note di una canzone che \u00e8 un duello psicologico a distanza (\u201cStatte zitta\u201d) tra l\u2019eroe e l\u2019antierore, e cio\u00e8 Domenico Imbesi (D\u2019Artagnan) e Salvatore Cilona (l\u2019inquisitore), con l\u2019accompagnamento alla chitarra di un altro dei protagonisti, Alberto Liga (Porthos), e una seconda canzone (\u201cMalo\u201d) che racconta il filo rosso dell\u2019intera rappresentazione, con una delle eroine, Aurora Pettineo (Fortezza), che si ribella alla violenza, affiancata dall\u2019intero coro polifonico. Il cast \u00e8 composto, oltre agli attori gi\u00e0 citati, da Gaston Lucarelli, Athos, Mahamadou Traore, Aramis, Roberta Macr\u00ec, la regina di Francia, Barbara Scorza, la dama di compagnia, Gina Cattafi, Prudenza, Alessandra Maimone, Giustizia, Chiara Salamone, Temperanza, Andrea Rappazzo, Bertrand, il padre di D\u2019Artagnan, Dario Stroscio, il capitano, Martina Genovese, suor Maria Rosario, Nino Genovese, frate Bernardo, Simona Arnao, suor Illuminada, Allegra Camuti, suor Innocenzia, Vera Trovato, suor Pureza, Carolina Bucalo, Annunciacion, Viviana Romano, Ascencion, Marta Sottile, Conception, Francesco Bisignani, Pacheco, e Francesco Maniscalco, Pedro.<br \/>\nNiente costumi, niente scenografie, ma \u00e8 gi\u00e0 spettacolo. Uno spettacolo che vibra nelle corde dei giovani attori\u00a0 che presto saliranno su un palcoscenico per la prima volta donando intense ad un pubblico che \u00e8 gi\u00e0 in trepidante attesa.<div id=\"div-gpt-ad-Messinaoggi.it-DSK-300x250-corpoart\" style=\"text-align:center;margin:0 auto;\"><\/div><\/p>\n<div id=\"videoincontent\" style=\"clear:both\";><\/div>","protected":false},"excerpt":{"rendered":"<p>Venerd\u00ec scorso si \u00e8 svolto nel foyer del Teatro Mandanici di Barcellona Pozzo di Gotto la presentazione \u00a0dello spettacolo \u201cD\u2019Artagnan e i Tre moschettieri \u2013 non si colpisce chi si ama, che andr\u00e0 in scena sabato alle ore 21.00.Prodotto dal Teatro Mandanici e liberamente ispirato all\u2019opera di Dumas, \u00a0la pi\u00e8ce vedr\u00e0 debuttare un cast\u00a0 composto\u00a0 [&hellip;]<\/p>\n","protected":false},"author":5,"featured_media":32526,"comment_status":"closed","ping_status":"open","sticky":false,"template":"","format":"standard","meta":{"ub_ctt_via":"","_mi_skip_tracking":false},"categories":[17],"tags":[],"featured_image_src":"https:\/\/www.messinaoggi.it\/website\/wp-content\/uploads\/2019\/05\/00-2-1.jpg","author_info":{"display_name":"Maria Antonella Saia","author_link":"https:\/\/www.messinaoggi.it\/website\/author\/m-saia\/"},"digistream_id":0,"digistream":false,"_links":{"self":[{"href":"https:\/\/www.messinaoggi.it\/website\/wp-json\/wp\/v2\/posts\/32525"}],"collection":[{"href":"https:\/\/www.messinaoggi.it\/website\/wp-json\/wp\/v2\/posts"}],"about":[{"href":"https:\/\/www.messinaoggi.it\/website\/wp-json\/wp\/v2\/types\/post"}],"author":[{"embeddable":true,"href":"https:\/\/www.messinaoggi.it\/website\/wp-json\/wp\/v2\/users\/5"}],"replies":[{"embeddable":true,"href":"https:\/\/www.messinaoggi.it\/website\/wp-json\/wp\/v2\/comments?post=32525"}],"version-history":[{"count":0,"href":"https:\/\/www.messinaoggi.it\/website\/wp-json\/wp\/v2\/posts\/32525\/revisions"}],"wp:featuredmedia":[{"embeddable":true,"href":"https:\/\/www.messinaoggi.it\/website\/wp-json\/wp\/v2\/media\/32526"}],"wp:attachment":[{"href":"https:\/\/www.messinaoggi.it\/website\/wp-json\/wp\/v2\/media?parent=32525"}],"wp:term":[{"taxonomy":"category","embeddable":true,"href":"https:\/\/www.messinaoggi.it\/website\/wp-json\/wp\/v2\/categories?post=32525"},{"taxonomy":"post_tag","embeddable":true,"href":"https:\/\/www.messinaoggi.it\/website\/wp-json\/wp\/v2\/tags?post=32525"}],"curies":[{"name":"wp","href":"https:\/\/api.w.org\/{rel}","templated":true}]}}