{"id":32516,"date":"2019-05-12T00:08:22","date_gmt":"2019-05-11T22:08:22","guid":{"rendered":"https:\/\/www.messinaoggi.it\/website\/?p=32516"},"modified":"2019-05-12T00:08:22","modified_gmt":"2019-05-11T22:08:22","slug":"romano-pesca-a-messina-il-voto-dei-moderati-grazie-allappoggio-di-cerreti-e-corona","status":"publish","type":"post","link":"https:\/\/www.messinaoggi.it\/website\/2019\/05\/12\/romano-pesca-a-messina-il-voto-dei-moderati-grazie-allappoggio-di-cerreti-e-corona\/","title":{"rendered":"Romano &quot;pesca&quot; a Messina il voto dei moderati grazie all&#039;appoggio di Cerreti e Corona"},"content":{"rendered":"<p style=\"text-align: justify;\">L&#8217;auditorium del teatro &#8220;Cristo Re&#8221;, ieri pomeriggio, era colmo all&#8217;inverosimile per la presentazione della candidatura di Francesco Saverio Romano alle Europee con la lista di Forza Italia.<div id=\"div-gpt-ad-Messinaoggi.it-DSK-300x250-corpoart\" style=\"text-align:center;margin:0 auto;\"><\/div><\/p>\n<p style=\"text-align: justify;\">In riva allo Stretto l&#8217;ex ministro della Repubblica pu\u00f2 contare sul robusto appoggio di Roberto Cerreti, leader del Movimento Liberi Insieme, e dell&#8217;ex parlamentare regionale Roberto Corona. A &#8220;Cristo Re&#8221; sono stati chiamati a raccolta i moderati messinesi che hanno risposto presente all&#8217;appello lanciato dalla componente messinese del &#8220;gruppo&#8221; che appoggia Romano.<div id=\"videoincontent\" style=\"clear:both\";><\/div><\/p>\n<p style=\"text-align: justify;\">Una partecipazione che \u00e8 andata al di l\u00e0 delle pi\u00f9 rosee aspettative, al punto che l&#8217;auditorum \u00e8 risultato insufficiente ad accogliere il pubblico intervenuto per ascoltare Francesco Saverio Romano. Il candidato palermitano ha fatto breccia soprattutto fra i moderati e i &#8220;nostalgici&#8221; dello scudocrociato che a Messina sono davvero tanti.<\/p>\n<p style=\"text-align: justify;\">Vero animatore del movimento pro-Romano \u00e8 l&#8217;ex consigliere provinciale Roberto Cerreti, gi\u00e0 supporter del candidato sindaco Cateno De Luca. Non c&#8217;\u00e8 comunque contrapposizione con la candidata Dafne Musolino, tant&#8217;\u00e8 che lo stesso leader di Mli ha dichiarato senza infingimenti che la preferenza femminile ricadr\u00e0 proprio sull&#8217;assessore comunale. Del resto, sia Romano sia Musolino sono espressione dell&#8217;Udc, entrambi hanno trovato ospitalit\u00e0 all&#8217;interno di Forza Italia. A tal proposito c&#8217;\u00e8 da registrare un evidente &#8220;mal di pancia&#8221; da parte di Tommaso Calderone che su Fb ha lanciato messaggi criptici, accusano chi di denigra il suo candidato, Giuseppe Milazzo.<\/p>\n<p style=\"text-align: justify;\"><img loading=\"lazy\" class=\"size-medium wp-image-32517 alignright\" src=\"https:\/\/www.messinaoggi.it\/website\/wp-content\/uploads\/2019\/05\/Foto-Incontro-2-300x146.jpg\" alt=\"\" width=\"300\" height=\"146\" \/><\/p>\n<p class=\"p3\" style=\"text-align: justify;\"><span class=\"s1\">Intanto, il Centro studi &#8220;Cerreti&#8221; del Movimento Liberi Insieme, avendo aderito ufficialmente alla campagna elettorale per il rinnovo del Parlamento Europeo in sostegno della candidatura dell&#8217;on. Saverio Romano, ha elaborato una serie di proposte e propositi per il rilancio del territorio messinese che verranno ufficialmente consegnate domani al Teatro Cristo Re alle 17.15 durante la manifestazione organizzata di presentazione della candidatura di Romano a Messina, al fine di integrarne il programma elettorale e progettuale.<\/span><\/p>\n<p class=\"p3\" style=\"text-align: justify;\"><span class=\"s1\">Infrastrutture, Turismo, Internazionalizzazione, ambiente e giovani, i punti fondamentali che per il Movimento Liberi Insieme dovrebbero caratterizzare gli sforzi e l&#8217;impegno del proprio candidato per la citt\u00e0 di Messina e su cui si basa l&#8217;adesione ufficiale del gruppo politico all&#8217;importante competizione elettorale in sostegno dell&#8217;on. Saverio Romano, candidato al Parlamento Europeo nella lista di Forza Italia.<\/span><\/p>\n","protected":false},"excerpt":{"rendered":"<p>L&#8217;auditorium del teatro &#8220;Cristo Re&#8221;, ieri pomeriggio, era colmo all&#8217;inverosimile per la presentazione della candidatura di Francesco Saverio Romano alle Europee con la lista di Forza Italia. In riva allo Stretto l&#8217;ex ministro della Repubblica pu\u00f2 contare sul robusto appoggio di Roberto Cerreti, leader del Movimento Liberi Insieme, e dell&#8217;ex parlamentare regionale Roberto Corona. A [&hellip;]<\/p>\n","protected":false},"author":2,"featured_media":32518,"comment_status":"closed","ping_status":"open","sticky":false,"template":"","format":"standard","meta":{"ub_ctt_via":"","_mi_skip_tracking":false},"categories":[6],"tags":[],"featured_image_src":"https:\/\/www.messinaoggi.it\/website\/wp-content\/uploads\/2019\/05\/Foto-Incontro-1.jpg","author_info":{"display_name":"Redazione","author_link":"https:\/\/www.messinaoggi.it\/website\/author\/redazione\/"},"digistream_id":0,"digistream":false,"_links":{"self":[{"href":"https:\/\/www.messinaoggi.it\/website\/wp-json\/wp\/v2\/posts\/32516"}],"collection":[{"href":"https:\/\/www.messinaoggi.it\/website\/wp-json\/wp\/v2\/posts"}],"about":[{"href":"https:\/\/www.messinaoggi.it\/website\/wp-json\/wp\/v2\/types\/post"}],"author":[{"embeddable":true,"href":"https:\/\/www.messinaoggi.it\/website\/wp-json\/wp\/v2\/users\/2"}],"replies":[{"embeddable":true,"href":"https:\/\/www.messinaoggi.it\/website\/wp-json\/wp\/v2\/comments?post=32516"}],"version-history":[{"count":0,"href":"https:\/\/www.messinaoggi.it\/website\/wp-json\/wp\/v2\/posts\/32516\/revisions"}],"wp:featuredmedia":[{"embeddable":true,"href":"https:\/\/www.messinaoggi.it\/website\/wp-json\/wp\/v2\/media\/32518"}],"wp:attachment":[{"href":"https:\/\/www.messinaoggi.it\/website\/wp-json\/wp\/v2\/media?parent=32516"}],"wp:term":[{"taxonomy":"category","embeddable":true,"href":"https:\/\/www.messinaoggi.it\/website\/wp-json\/wp\/v2\/categories?post=32516"},{"taxonomy":"post_tag","embeddable":true,"href":"https:\/\/www.messinaoggi.it\/website\/wp-json\/wp\/v2\/tags?post=32516"}],"curies":[{"name":"wp","href":"https:\/\/api.w.org\/{rel}","templated":true}]}}