{"id":32510,"date":"2019-05-11T19:04:26","date_gmt":"2019-05-11T17:04:26","guid":{"rendered":"https:\/\/www.messinaoggi.it\/website\/?p=32510"},"modified":"2019-05-11T19:04:26","modified_gmt":"2019-05-11T17:04:26","slug":"memorial-day-i-poliziotti-scendono-in-campo-per-non-dimenticare-lo-stragismo-mafioso","status":"publish","type":"post","link":"https:\/\/www.messinaoggi.it\/website\/2019\/05\/11\/memorial-day-i-poliziotti-scendono-in-campo-per-non-dimenticare-lo-stragismo-mafioso\/","title":{"rendered":"Memorial day, i poliziotti scendono in campo per non dimenticare lo stragismo mafioso"},"content":{"rendered":"<p class=\"Default\"><span style=\"font-family: 'Arial',sans-serif;\">Si \u00e8 svolto nella giornata di ieri il Memorial Day, il torneo calcistico organizzato annualmente a partire dal 1993 dalla segreteria provinciale del Sindacato Autonomo di Polizia (Sap) di Messina per ricordare tutte le vittime dello stragismo mafioso di 26 anni fa. Infatti, il 1993 \u00e8 stato un anno nero per l\u2019Italia, in quanto \u00e8 stato segnato da numerosi attentati mafiosi (alcuni dei quali fortunatamente falliti) ai danni di giudici, esponenti delle forze dell\u2019ordine, politici e giornalisti, i pi\u00f9 noti dei quali sono quelli che hanno visto la morte dei giudici Giovanni Falcone e Paolo Borsellino e delle relative scorte.<\/span><div id=\"div-gpt-ad-Messinaoggi.it-DSK-300x250-corpoart\" style=\"text-align:center;margin:0 auto;\"><\/div><\/p>\n<p class=\"Default\"><span style=\"font-family: 'Arial',sans-serif;\">La manifestazione, che si \u00e8 tenuta presso i campi della SSD Fair Play \u201cCristo Re\u201d e<\/span><span style=\"font-family: 'Arial',sans-serif;\"> a cui <\/span><span style=\"font-family: 'Arial',sans-serif;\">a <\/span><span style=\"font-family: 'Arial',sans-serif;\">ha partecipato anche il questore Vito Calvino per assistere alla premiazione finale, ha riscosso notevole apprezzamento tra i colleghi poliziotti. Quest\u2019anno hanno aderito all\u2019iniziativa anche gli alunni dell\u2019Istituto Comprensivo \u201cCannizzaro Galatti\u201d di Messina a conclusione di un percorso didattico sulla legalit\u00e0. <\/span><div id=\"videoincontent\" style=\"clear:both\";><\/div><\/p>\n<p class=\"Default\"><span style=\"font-family: 'Arial',sans-serif;\"> <a href=\"https:\/\/www.messinaoggi.it\/website\/wp-content\/uploads\/2019\/05\/memorial-day-2019-2.jpg\"><img loading=\"lazy\" class=\"alignnone size-full wp-image-32511\" src=\"https:\/\/www.messinaoggi.it\/website\/wp-content\/uploads\/2019\/05\/memorial-day-2019-2.jpg\" alt=\"\" width=\"1504\" height=\"1000\" \/><\/a><\/span><\/p>\n<p class=\"Default\"><span style=\"font-family: 'Arial',sans-serif;\">Molti i momenti importanti della manifestazione. Innanzitutto, p<\/span><span style=\"font-family: 'Arial',sans-serif;\">rima del torneo calcistico si \u00e8 reso omaggio con un minuto di silenzio e una breve cerimonia religiosa tenuta dal cappellano militare, a tutte le vittime della criminalit\u00e0, del terrorismo e della mafia ed ai colleghi che in quest\u2019anno hanno perso la vita durante lo svolgimento del servizio. A<\/span><span style=\"font-family: 'Arial',sans-serif;\"> seguire gli studenti dell\u2019Istituto Cannizzaro Galatti coordinati dalle loro docenti hanno cantato l\u2019inno nazionale coinvolgendo emotivamente tutti i presenti e hanno presentato alcuni elaborati preparati nel corso dell\u2019anno scolastico. <\/span><\/p>\n<p class=\"Default\" style=\"margin-bottom: 3.4pt;\"><span style=\"font-family: 'Arial',sans-serif;\">Il torneo di calcio, cui hanno partecipato 4 squadre composte da poliziotti della provincia di Messina (quest\u2019anno i nomi delle squadre erano legati ai valori fondamentali per il Sap: Legalit\u00e0, Giustizia, Solidariet\u00e0 e Sicurezza), si \u00e8 svolto come da tradizione in un clima di amicizia e sportivit\u00e0, e ha visto la vittoria della squadra Legalit\u00e0 in finale contro la squadra Giustizia, mentre al terzo e al quarto posto si sono classificate rispettivamente la squadra Solidariet\u00e0 e la squadra Sicurezza. <\/span><span style=\"font-family: 'Arial',sans-serif;\">Durante la manifestazione calcistica i piccoli alunni sono stati intrattenuti dal collega Antonello La Fauci, istruttore di tecniche di autodifesa con esercizi di coordinamento e altre attivit\u00e0 pratiche basilari antibullismo.<\/span><\/p>\n","protected":false},"excerpt":{"rendered":"<p>Si \u00e8 svolto nella giornata di ieri il Memorial Day, il torneo calcistico organizzato annualmente a partire dal 1993 dalla segreteria provinciale del Sindacato Autonomo di Polizia (Sap) di Messina per ricordare tutte le vittime dello stragismo mafioso di 26 anni fa. Infatti, il 1993 \u00e8 stato un anno nero per l\u2019Italia, in quanto \u00e8 [&hellip;]<\/p>\n","protected":false},"author":8,"featured_media":32512,"comment_status":"closed","ping_status":"open","sticky":false,"template":"","format":"standard","meta":{"ub_ctt_via":"","_mi_skip_tracking":false},"categories":[10,9],"tags":[],"featured_image_src":"https:\/\/www.messinaoggi.it\/website\/wp-content\/uploads\/2019\/05\/memorial-day-2019-3.jpg","author_info":{"display_name":"red..me","author_link":"https:\/\/www.messinaoggi.it\/website\/author\/redstage\/"},"digistream_id":0,"digistream":false,"_links":{"self":[{"href":"https:\/\/www.messinaoggi.it\/website\/wp-json\/wp\/v2\/posts\/32510"}],"collection":[{"href":"https:\/\/www.messinaoggi.it\/website\/wp-json\/wp\/v2\/posts"}],"about":[{"href":"https:\/\/www.messinaoggi.it\/website\/wp-json\/wp\/v2\/types\/post"}],"author":[{"embeddable":true,"href":"https:\/\/www.messinaoggi.it\/website\/wp-json\/wp\/v2\/users\/8"}],"replies":[{"embeddable":true,"href":"https:\/\/www.messinaoggi.it\/website\/wp-json\/wp\/v2\/comments?post=32510"}],"version-history":[{"count":0,"href":"https:\/\/www.messinaoggi.it\/website\/wp-json\/wp\/v2\/posts\/32510\/revisions"}],"wp:featuredmedia":[{"embeddable":true,"href":"https:\/\/www.messinaoggi.it\/website\/wp-json\/wp\/v2\/media\/32512"}],"wp:attachment":[{"href":"https:\/\/www.messinaoggi.it\/website\/wp-json\/wp\/v2\/media?parent=32510"}],"wp:term":[{"taxonomy":"category","embeddable":true,"href":"https:\/\/www.messinaoggi.it\/website\/wp-json\/wp\/v2\/categories?post=32510"},{"taxonomy":"post_tag","embeddable":true,"href":"https:\/\/www.messinaoggi.it\/website\/wp-json\/wp\/v2\/tags?post=32510"}],"curies":[{"name":"wp","href":"https:\/\/api.w.org\/{rel}","templated":true}]}}