{"id":32482,"date":"2019-05-11T11:06:57","date_gmt":"2019-05-11T09:06:57","guid":{"rendered":"https:\/\/www.messinaoggi.it\/website\/?p=32482"},"modified":"2019-05-11T11:06:57","modified_gmt":"2019-05-11T09:06:57","slug":"torna-la-targa-florio-ecco-il-programma-di-sabato","status":"publish","type":"post","link":"https:\/\/www.messinaoggi.it\/website\/2019\/05\/11\/torna-la-targa-florio-ecco-il-programma-di-sabato\/","title":{"rendered":"Torna la Targa Florio: ecco il programma di sabato"},"content":{"rendered":"<p><em>\u201cLa Targa Florio \u00e8 un simbolo quando si parla d&#8217;Italia\u201d<\/em>. Cos\u00ec il vicepremier Luigi Di Maio durante la cerimonia di partenza della 103esima edizione della Targa Florio, la nota competizione automobilistica che si tiene ogni anno a Palermo. Alla cerimonia, che si \u00e8 tenuta ieri a Palermo, ha preso parte anche il sindaco Leoluca Orlando, che ha alzato insieme a Di Maio la bandiera tricolore alle vetture al via, salutando cos\u00ec la nuova edizione della Targa Florio. \u201c<em>Io sono un appassionato di automobilismo, <\/em>&#8211; ha aggiunto Di Maio &#8211;<em> questa \u00e8 la mia prima passione sportiva. Sono felicissimo di essere qui, contento come un bambino, perch\u00e9 siamo in mezzo alla storia, \u00e8 una grande emozione. Complimenti a tutti gli organizzatori per quello che fanno e per la continuit\u00e0 che danno a questo importante evento<\/em>\u201d.<br \/>\nA dare lo start anche gli onorevoli Gaetano Armao e Alessandro Aric\u00f2, il presidente di AC Palermo Angelo Pizzuto, il presidente della commissione Rally dell&#8217;ACI Daniele Settimo e i vertici operativi di ACI Sport. La classica discesa tra due ali di folla dal palco di fronte al Teatro Massimo, dal quale la prima vettura a prendere il via \u00e8 stata la Suzuki Swift di Daniele Campanaro e Irene Porcu, ha seguito il primo atto sulle leggendarie strade delle Madonie che in mattinata ha visto gli equipaggi gi\u00e0 impegnati nello shakedown. Il test con le auto da gara si \u00e8 disputato su 2,95 km della SP 9 tra Campofelice di Roccella e Collesano con miglior riscontro fatto registrare da Andrea Crugnola e Pietro Elia Ometto sulla Volkswagen Polo R5 in cima a una lista tempi gi\u00e0 molto ravvicinata. Anche in questo caso non \u00e8 mancato il calore di fan e appassionati siciliani e in tanti, tra foto e autografi, hanno gi\u00e0 fatto visita al Targa Florio Village, il parco assistenza quest&#8217;anno ospitato al porto di Termini Imerese.<br \/>\n<a href=\"https:\/\/www.messinaoggi.it\/website\/wp-content\/uploads\/2019\/05\/Crugnola-Ometto-VwPolo-R5-miglior-tempo-shakedown-Targa2019.jpg\"><img loading=\"lazy\" class=\"alignnone size-full wp-image-32485\" src=\"https:\/\/www.messinaoggi.it\/website\/wp-content\/uploads\/2019\/05\/Crugnola-Ometto-VwPolo-R5-miglior-tempo-shakedown-Targa2019.jpg\" alt=\"\" width=\"1772\" height=\"1181\" \/><\/a><br \/>\n<strong>Il programma di sabato.<\/strong> Sabato 11 maggio i protagonisti del <strong>Campionato Italiano Rally<\/strong> sono ripartiti alle 7 alla volta del primo giro di prove, che li ha visti subito impegnati a Cerda su due tratti storici che ritornano nel programma della gara: la speciale \u201cTribune 1\u201d alle 7.52 di 6,35 km a Floriopoli con partenza dal rettilineo di partenza dell&#8217;allora Circuito delle Madonie e la \u201cTarga 1\u201d alle 8.16 di 13,27 km con partenza dall&#8217;abitato di Cerda in direzione Caltavuturo. A seguire, \u201cScillato &#8211; Polizzi 1\u201d (ore 8.45 di 14,97 km), \u201cGeraci 1\u201d (ore 9.51 di 8,35 km), Bergi 1 (ore 10.08 di 6,3 km) e alle 10.57 la iperconcentrata \u201cCollesano 1\u201d di 1,55 km. In quel frangente riepilogo media con collegamento di Stella Bruno sul TG Sport di Rai 2 alle 11.00 e approfondimento in diretta web su <a href=\"http:\/\/www.acisport.it\/\">www.acisport.it<\/a> alle 11.40 in occasione del riordino e della successiva assistenza al rientro delle vetture al Targa Florio Village. Alle 12.42 ripartenza per il secondo giro sulle stesse sei prove del mattino: \u201cTribune 2\u201d alle 13.14, \u201cTarga 2\u201d alle 13.38, \u201cScillato &#8211; Polizzi 2\u201d alle 14.07, \u201cGeraci 2\u201d alle 15.13, \u201cBergi 2\u201d alle 15.30 e \u201cCollesano 2\u201d alle 16.19. Nuovo riordino (17.04) e service (17.34) a Termini con alle 17.28 collegamento in diretta tv su SportItalia e web su <a href=\"http:\/\/www.acisport.it\/\">www.acisport.it<\/a> in vista delle ultime sfide. Tutto si decider\u00e0 nel gran finale dopo la ripartenza delle 18.04 sull&#8217;ultimo passaggio a Floriopoli e a Cerda, con la \u201cTribune 3\u201d alle 18.36 e la \u201cTarga 3\u201d alle 19.00. Quindi rientro al Targa Florio Village dalle 20.01 per riordino e assistenza e traguardo conclusivo alle 20.51 al Belvedere di Termini Imerese, che vivr\u00e0 il palco d&#8217;onore per i vincitori sul podio della 103esima Targa Florio (diretta web su <a href=\"http:\/\/www.acisport.it\/\">www.acisport.it<\/a> dalle 20.45).<br \/>\nL&#8217;emozionante tappa finale porter\u00e0 a 558,56 i chilometri il totale del percorso, dei quali 151,35 suddivisi sulle 17 prove speciali. Da tre crono in meno \u00e8 composto il programma della competizione valida per il <strong>Campionato Italiano Rally Auto Storiche<\/strong>. Le prove speciali sulle quali si articoler\u00e0 la Targa Florio valida per il <strong>Campionato Rally di Zona<\/strong> sono 7. Le prestigiose auto che saranno protagoniste della prova di <strong>Campionato Italiano Regolarit\u00e0 Media<\/strong> hanno preso il via direttamente sabato alle 10 dal Museo del Motorismo Siciliano e della Targa Florio a Palermo alla volta di 7 prove a media ricavate sul Grande Circuito delle Madonie: due passaggi su \u201cTribune\u201d e \u201cTarga\u201d, mentre un solo transito interesser\u00e0 sulle prove \u201cScillato &#8211; Polizzi\u201d, \u201cGeraci\u201d e \u201cBergi\u201d.<br \/>\n<strong>I protagonisti.<\/strong> Nel <strong>CIR<\/strong> spicca la presenza di dieci R5, tra le quali le accreditate Skoda Fabia degli attuali leader tricolori Giandomenico Basso e Lorenzo Granai, la Ford Fiesta ST degli immediati inseguitori Simone Campedelli e Tania Canton, la Citroen C3 del gi\u00e0 due volte vincitore (2008 e 2009) della Targa Florio Luca Rossetti, navigato da Eleonora Mori, e la Volkswagen Polo di Andrea Crugnola e Pietro Elia Ometto. Tra i marchi rappresentati in R5, infine, non manca una Hyundai, la i20 con l&#8217;equipaggio Kevin Gilardoni \/ Corrado Bonato in abitacolo. Sfide agguerrite sono comunque previste anche nelle altre categorie, in un mix storicamente frizzante che coinvolge i migliori nomi del panorama nazionale e la folta pattuglia di piloti siciliani.<br \/>\nTra i protagonisti del <strong>Tricolore Autostoriche<\/strong> svettano i nomi del cerdese Tot\u00f2 Riolo, tre volte vincitore della Targa Florio, navigato da Gianfranco Rappa sulla Subaru Legacy Sedan, di Massimo Superti con Franco Granata alle note su Porsche 911, di Nicola Patuzzo e Alberto Martini sulla sempre ammirata Toyota Celica GT Four e degli svizzeri Edoardo Valente e Jan Devenu anche loro su Subaru Legacy. Altri piloti siciliani da tenere d\u2019occhio sono Mauro Lombardo, \u201cGordon\u201d e Claudio La Franca, Sergio Montalto su Porsche; Pier Luigi Fullone, giovane collesanese riferimento del 1\u00b0 Raggruppamento su BMW, come Sergio Palmisano.<br \/>\nNel <strong>Campionato Regional<\/strong>e, attenzione a diversi agguerriti equipaggi, tra i quali quelli dei messinesi Carmelo Galip\u00f2, neovincitore del Rally dei Nebrodi, con Tino Pintaudi sulla Skoda Fabia R5, Paolo Celi con Graziella Rappazzo su Peugeot 206 RC (attuali detentori del Trofeo Rally Sicilia) e Giuseppe Nucita con Sergio Scuderi su Renault Clio R3C.<div id=\"div-gpt-ad-Messinaoggi.it-DSK-300x250-corpoart\" style=\"text-align:center;margin:0 auto;\"><\/div><\/p>\n<div id=\"videoincontent\" style=\"clear:both\";><\/div>","protected":false},"excerpt":{"rendered":"<p>\u201cLa Targa Florio \u00e8 un simbolo quando si parla d&#8217;Italia\u201d. Cos\u00ec il vicepremier Luigi Di Maio durante la cerimonia di partenza della 103esima edizione della Targa Florio, la nota competizione automobilistica che si tiene ogni anno a Palermo. Alla cerimonia, che si \u00e8 tenuta ieri a Palermo, ha preso parte anche il sindaco Leoluca Orlando, [&hellip;]<\/p>\n","protected":false},"author":8,"featured_media":32486,"comment_status":"closed","ping_status":"open","sticky":false,"template":"","format":"standard","meta":{"ub_ctt_via":"","_mi_skip_tracking":false},"categories":[8,9],"tags":[],"featured_image_src":"https:\/\/www.messinaoggi.it\/website\/wp-content\/uploads\/2019\/05\/Il-via-della-Targa-Florio-2019-a-Palermo-con-il-vicepremier-Di-Maio-e-il-sindaco-Orlando.jpg","author_info":{"display_name":"red..me","author_link":"https:\/\/www.messinaoggi.it\/website\/author\/redstage\/"},"digistream_id":0,"digistream":false,"_links":{"self":[{"href":"https:\/\/www.messinaoggi.it\/website\/wp-json\/wp\/v2\/posts\/32482"}],"collection":[{"href":"https:\/\/www.messinaoggi.it\/website\/wp-json\/wp\/v2\/posts"}],"about":[{"href":"https:\/\/www.messinaoggi.it\/website\/wp-json\/wp\/v2\/types\/post"}],"author":[{"embeddable":true,"href":"https:\/\/www.messinaoggi.it\/website\/wp-json\/wp\/v2\/users\/8"}],"replies":[{"embeddable":true,"href":"https:\/\/www.messinaoggi.it\/website\/wp-json\/wp\/v2\/comments?post=32482"}],"version-history":[{"count":0,"href":"https:\/\/www.messinaoggi.it\/website\/wp-json\/wp\/v2\/posts\/32482\/revisions"}],"wp:featuredmedia":[{"embeddable":true,"href":"https:\/\/www.messinaoggi.it\/website\/wp-json\/wp\/v2\/media\/32486"}],"wp:attachment":[{"href":"https:\/\/www.messinaoggi.it\/website\/wp-json\/wp\/v2\/media?parent=32482"}],"wp:term":[{"taxonomy":"category","embeddable":true,"href":"https:\/\/www.messinaoggi.it\/website\/wp-json\/wp\/v2\/categories?post=32482"},{"taxonomy":"post_tag","embeddable":true,"href":"https:\/\/www.messinaoggi.it\/website\/wp-json\/wp\/v2\/tags?post=32482"}],"curies":[{"name":"wp","href":"https:\/\/api.w.org\/{rel}","templated":true}]}}