{"id":32458,"date":"2019-05-10T16:48:32","date_gmt":"2019-05-10T14:48:32","guid":{"rendered":"https:\/\/www.messinaoggi.it\/website\/?p=32458"},"modified":"2019-05-10T16:48:32","modified_gmt":"2019-05-10T14:48:32","slug":"pride-dello-stretto-duca-bene-approvazione-patrocinio-del-consiglio-ma-stop-a-strumentalizzazioni","status":"publish","type":"post","link":"https:\/\/www.messinaoggi.it\/website\/2019\/05\/10\/pride-dello-stretto-duca-bene-approvazione-patrocinio-del-consiglio-ma-stop-a-strumentalizzazioni\/","title":{"rendered":"Pride dello Stretto, Duca: &quot;Bene approvazione patrocinio del Consiglio ma stop a strumentalizzazioni&quot;"},"content":{"rendered":"<p style=\"text-align: justify;\">L&#8217;approvazione da parte del Consiglio comunale del patrocinio al Pride dello Stretto ha spinto il Coordinamento a diramare un comunicato stampa per mettere fine alle gratuite speculazioni politiche sull&#8217;evento anche da parte di chi ne ha sostenuto la deliberazione.<div id=\"div-gpt-ad-Messinaoggi.it-DSK-300x250-corpoart\" style=\"text-align:center;margin:0 auto;\"><\/div><\/p>\n<p style=\"text-align: justify;\">\n&#8220;La deliberazione con cui il Consiglio Comunale di Messina ha aderito al Pride dello Stretto del prossimo otto Giugno segna un passaggio politico di grande importanza per la nostra comunit\u00e0. Il rifiuto di ogni discriminazione, di sesso, razza, orientamento sessuale; i valori di libert\u00e0, integrazione, dignit\u00e0 di ogni persona sono da ieri anche formalmente patrimonio comune delle messinesi e dei messinesi. Tuttavia, com\u2019era prevedibile, un atto di tale portata porta con s\u00e9 anche polemiche speciose e strumentali, prese di posizione finalizzate non tanto alla promozione di una cultura dei diritti civili quanto alla visibilit\u00e0 di alcune forze politiche e dei loro esponenti. Di fronte a tali \u201ceffetti collaterali\u201d il Comitato Pride dello Stretto 2019 non pu\u00f2 che rendere manifesta la propria totale estraneit\u00e0 al clima polemico e divisivo di queste ore e ribadire l\u2019importanza del Pride come momento di inclusione e di costruzione di comunit\u00e0.<br \/>\nInoltre ci teniamo a dire che tra l\u2019organizzazione e l\u2019amministrazione Comunale sussiste per ci\u00f2 che riguarda gli adempimenti da portare a compimento una sinergia che ci vede in contatto per il raggiungimento dello scopo. In particolare con gli Assessori Previti, Calafiore, Minutoli designati a seguire i vari iter c\u2019\u00e8 una continua corrispondenza e collaborazione.<br \/>\nDa puntualizzare per\u00f2, che questo coordinamento non intende per il prosieguo dover intervenire in dinamiche che non ci appartengono, in particolare quando riguardano l\u2019aula consigliare e per qualsiasi altra situazione che possa crearsi e di cui non ne siamo attori&#8221;.<div id=\"videoincontent\" style=\"clear:both\";><\/div><\/p>\n<p style=\"text-align: justify;\">E&#8217; quanto si legge nel documento a firma di Rosario Duca per il coordinamento Stretto Pride Messina 2019.<\/p>\n","protected":false},"excerpt":{"rendered":"<p>L&#8217;approvazione da parte del Consiglio comunale del patrocinio al Pride dello Stretto ha spinto il Coordinamento a diramare un comunicato stampa per mettere fine alle gratuite speculazioni politiche sull&#8217;evento anche da parte di chi ne ha sostenuto la deliberazione. &#8220;La deliberazione con cui il Consiglio Comunale di Messina ha aderito al Pride dello Stretto del [&hellip;]<\/p>\n","protected":false},"author":2,"featured_media":30807,"comment_status":"closed","ping_status":"open","sticky":false,"template":"","format":"standard","meta":{"ub_ctt_via":"","_mi_skip_tracking":false},"categories":[4],"tags":[],"featured_image_src":"https:\/\/www.messinaoggi.it\/website\/wp-content\/uploads\/2019\/03\/52C59EB9-6DB7-4CB2-A6CD-CFAE43FE1CF7.jpeg","author_info":{"display_name":"Redazione","author_link":"https:\/\/www.messinaoggi.it\/website\/author\/redazione\/"},"digistream_id":0,"digistream":false,"_links":{"self":[{"href":"https:\/\/www.messinaoggi.it\/website\/wp-json\/wp\/v2\/posts\/32458"}],"collection":[{"href":"https:\/\/www.messinaoggi.it\/website\/wp-json\/wp\/v2\/posts"}],"about":[{"href":"https:\/\/www.messinaoggi.it\/website\/wp-json\/wp\/v2\/types\/post"}],"author":[{"embeddable":true,"href":"https:\/\/www.messinaoggi.it\/website\/wp-json\/wp\/v2\/users\/2"}],"replies":[{"embeddable":true,"href":"https:\/\/www.messinaoggi.it\/website\/wp-json\/wp\/v2\/comments?post=32458"}],"version-history":[{"count":0,"href":"https:\/\/www.messinaoggi.it\/website\/wp-json\/wp\/v2\/posts\/32458\/revisions"}],"wp:featuredmedia":[{"embeddable":true,"href":"https:\/\/www.messinaoggi.it\/website\/wp-json\/wp\/v2\/media\/30807"}],"wp:attachment":[{"href":"https:\/\/www.messinaoggi.it\/website\/wp-json\/wp\/v2\/media?parent=32458"}],"wp:term":[{"taxonomy":"category","embeddable":true,"href":"https:\/\/www.messinaoggi.it\/website\/wp-json\/wp\/v2\/categories?post=32458"},{"taxonomy":"post_tag","embeddable":true,"href":"https:\/\/www.messinaoggi.it\/website\/wp-json\/wp\/v2\/tags?post=32458"}],"curies":[{"name":"wp","href":"https:\/\/api.w.org\/{rel}","templated":true}]}}