{"id":32432,"date":"2019-05-10T11:23:04","date_gmt":"2019-05-10T09:23:04","guid":{"rendered":"https:\/\/www.messinaoggi.it\/website\/?p=32432"},"modified":"2019-05-10T11:23:04","modified_gmt":"2019-05-10T09:23:04","slug":"parcheggio-sopraelevato-stazione-gioveni-poco-utilizzato-e-insicuro-si-intervenga","status":"publish","type":"post","link":"https:\/\/www.messinaoggi.it\/website\/2019\/05\/10\/parcheggio-sopraelevato-stazione-gioveni-poco-utilizzato-e-insicuro-si-intervenga\/","title":{"rendered":"Parcheggio sopraelevato stazione, Gioveni: &quot;Poco utilizzato e insicuro. Si intervenga&quot;"},"content":{"rendered":"<p>\u201c<em>Chiedo agli assessorati ai lavori pubblici e alla viabilit\u00e0<\/em> &#8211; conclude Gioveni &#8211; <em>di porre in essere tutte quelle misure utili a rendere pi\u00f9 agevole e sicuro il percorso pedonale esterno, nonch\u00e9 a creare le condizioni per incentivare l&#8217;utilizzo della preziosa infrastruttura<\/em>\u201d. Cos\u00ec il consigliere comunale in quota Pd Libero Gioveni con riferimento al parcheggio sopraelevato della stazione che \u00e8 stato aperto circa un mese fa e che consentir\u00e0 l\u2019interscambio tra i servizi ferroviari, autobus extraurbani, oltre alle vetture private.<br \/>\n\u201c<em>Infatti,<\/em> &#8211; evidenzia il consigliere comunale &#8211; <em>questa importante area di sosta di circa 6000 metri quadrati non solo sembra gi\u00e0 essere sottoutilizzata per le poche autovetture che sostano, ma nei dintorni non sembra godere delle necessarie condizioni per rendere pi\u00f9 agevole lo spostamento dei fruitori nel percorso pedonale esterno.<\/em><br \/>\n<a href=\"https:\/\/www.messinaoggi.it\/website\/wp-content\/uploads\/2019\/05\/parcheggio-sopraelevato-stazione-1.jpg\"><img loading=\"lazy\" class=\"alignnone size-full wp-image-32436\" src=\"https:\/\/www.messinaoggi.it\/website\/wp-content\/uploads\/2019\/05\/parcheggio-sopraelevato-stazione-1.jpg\" alt=\"\" width=\"1599\" height=\"777\" \/><\/a><br \/>\n\u201c<em>Si sapeva gi\u00e0 dell&#8217;inesistente collegamento diretto con scale o ascensore con la sottostante stazione ferroviaria, cos\u00ec come con piazza Stazione<\/em> &#8211; chiarisce Gioveni &#8211; <em>ma che addirittura i pedoni che lasciano l&#8217;auto non possano percorrere il marciapiede per la presenza dei puntelli che sostengono il muro pericolante, o per dei tratti di mattonelle divelte o, peggio ancora, per delle auto sistematicamente parcheggiate nonostante viga il divieto di sosta, tutto ci\u00f2 non credo si possa tollerare!<\/em>\u201d.<br \/>\n<a href=\"https:\/\/www.messinaoggi.it\/website\/wp-content\/uploads\/2019\/05\/auto-in-divieto-di-fermata-pressi-stazione.jpg\"><img loading=\"lazy\" class=\"alignnone size-full wp-image-32437\" src=\"https:\/\/www.messinaoggi.it\/website\/wp-content\/uploads\/2019\/05\/auto-in-divieto-di-fermata-pressi-stazione.jpg\" alt=\"\" width=\"1599\" height=\"777\" \/><\/a><br \/>\n<a href=\"https:\/\/www.messinaoggi.it\/website\/wp-content\/uploads\/2019\/05\/parcheggio-sopraelevato-stazione-3.jpg\"><img loading=\"lazy\" class=\"alignnone size-full wp-image-32435\" src=\"https:\/\/www.messinaoggi.it\/website\/wp-content\/uploads\/2019\/05\/parcheggio-sopraelevato-stazione-3.jpg\" alt=\"\" width=\"1599\" height=\"777\" \/><\/a><div id=\"div-gpt-ad-Messinaoggi.it-DSK-300x250-corpoart\" style=\"text-align:center;margin:0 auto;\"><\/div><\/p>\n<div id=\"videoincontent\" style=\"clear:both\";><\/div>","protected":false},"excerpt":{"rendered":"<p>\u201cChiedo agli assessorati ai lavori pubblici e alla viabilit\u00e0 &#8211; conclude Gioveni &#8211; di porre in essere tutte quelle misure utili a rendere pi\u00f9 agevole e sicuro il percorso pedonale esterno, nonch\u00e9 a creare le condizioni per incentivare l&#8217;utilizzo della preziosa infrastruttura\u201d. Cos\u00ec il consigliere comunale in quota Pd Libero Gioveni con riferimento al parcheggio [&hellip;]<\/p>\n","protected":false},"author":8,"featured_media":32434,"comment_status":"closed","ping_status":"open","sticky":false,"template":"","format":"standard","meta":{"ub_ctt_via":"","_mi_skip_tracking":false},"categories":[4],"tags":[],"featured_image_src":"https:\/\/www.messinaoggi.it\/website\/wp-content\/uploads\/2019\/05\/parcheggio-sopraelevato-stazione-2.jpg","author_info":{"display_name":"red..me","author_link":"https:\/\/www.messinaoggi.it\/website\/author\/redstage\/"},"digistream_id":0,"digistream":false,"_links":{"self":[{"href":"https:\/\/www.messinaoggi.it\/website\/wp-json\/wp\/v2\/posts\/32432"}],"collection":[{"href":"https:\/\/www.messinaoggi.it\/website\/wp-json\/wp\/v2\/posts"}],"about":[{"href":"https:\/\/www.messinaoggi.it\/website\/wp-json\/wp\/v2\/types\/post"}],"author":[{"embeddable":true,"href":"https:\/\/www.messinaoggi.it\/website\/wp-json\/wp\/v2\/users\/8"}],"replies":[{"embeddable":true,"href":"https:\/\/www.messinaoggi.it\/website\/wp-json\/wp\/v2\/comments?post=32432"}],"version-history":[{"count":0,"href":"https:\/\/www.messinaoggi.it\/website\/wp-json\/wp\/v2\/posts\/32432\/revisions"}],"wp:featuredmedia":[{"embeddable":true,"href":"https:\/\/www.messinaoggi.it\/website\/wp-json\/wp\/v2\/media\/32434"}],"wp:attachment":[{"href":"https:\/\/www.messinaoggi.it\/website\/wp-json\/wp\/v2\/media?parent=32432"}],"wp:term":[{"taxonomy":"category","embeddable":true,"href":"https:\/\/www.messinaoggi.it\/website\/wp-json\/wp\/v2\/categories?post=32432"},{"taxonomy":"post_tag","embeddable":true,"href":"https:\/\/www.messinaoggi.it\/website\/wp-json\/wp\/v2\/tags?post=32432"}],"curies":[{"name":"wp","href":"https:\/\/api.w.org\/{rel}","templated":true}]}}