{"id":32430,"date":"2019-05-10T11:00:38","date_gmt":"2019-05-10T09:00:38","guid":{"rendered":"https:\/\/www.messinaoggi.it\/website\/?p=32430"},"modified":"2019-05-10T11:00:38","modified_gmt":"2019-05-10T09:00:38","slug":"nasce-area-nuova-il-movimento-politico-dellex-consigliere-comunale-burrascano","status":"publish","type":"post","link":"https:\/\/www.messinaoggi.it\/website\/2019\/05\/10\/nasce-area-nuova-il-movimento-politico-dellex-consigliere-comunale-burrascano\/","title":{"rendered":"Nasce &quot;Area Nuova&quot;, il movimento politico dell&#039;ex consigliere comunale Burrascano"},"content":{"rendered":"<p><span style=\"color: #000000\"><span style=\"font-family: Arial, sans-serif\">Un nuovo movimento politico sta prendendo piede nella citt\u00e0 di Messina, il cui presidente sar\u00e0 l\u2019ex consigliere comunale Angelo Burrascano. Stiamo parlando del movimento \u201cArea Nuova\u201d, i cui principi ispiratori sono quelli della Costituzione italiana, e in particolare quelli della sovranit\u00e0 popolare e del ripudio della violenza, del razzismo e di qualsiasi altra forma di discriminazione. Inoltre, il movimento si pone l\u2019obiettivo di contrastare quella politica che, pensando solamente al proprio tornaconto elettorale, non si preoccupa \u201c<em>realmente di cosa vogliono i cittadini<\/em>&#8220;, cos\u00ec come si pu\u00f2 leggere nel comunicato stampa di presentazione.<\/span><\/span><br \/>\n<span style=\"color: #000000\">\u201c<span style=\"font-family: Arial, sans-serif\"><em>Abbiamo visto imbonitori farsi pubblicit\u00e0 sulle spalle di una citt\u00e0 che avrebbe voglia di un reale progresso<\/em>&#8220;, spiega il presidente del movimento politico, che poi aggiunge: &#8220;<em>Prendiamo ad esempio la fiera di Messina abbandonata da anni, i laghi di Ganzirri su cui mai la politica ha investito per creare indotto turistico, il viale San Martino che pare far trionfare la regola di un tram che ha solo devastato la citt\u00e0, una litoranea che ha solo la pista ciclabile come monumento al nulla, ma soprattutto l&#8217;arte negata in una citt\u00e0 in cui si vive di bellezza. Infatti, il turista che arriva a Messina non ha mete turistiche al di l\u00e0 di Piazza Duomo. Cureremo inoltre il territorio pensando a punti di aggregazione in centri che diventino un apporto vero ad ogni esigenza del cittadino e che elargiscono competenze per l&#8217;accesso al lavoro, in quanto vediamo nell&#8217;imprenditoria il futuro<\/em>&#8220;.<\/span><\/span><br \/>\n<span style=\"color: #000000\"><span style=\"font-family: Arial, sans-serif\">Come detto, il presidente del movimento sar\u00e0 l&#8217;ex consigliere comunale Angelo Burrascano, &#8220;<em>che<\/em> &#8211; si legge nella nota &#8211; <em>di politica ne ha svolta tanta in citt\u00e0 con un occhio ai bisogni della gente come ex capo gruppo di Forza Italia al Comune ed ex vice presidente del Consiglio Comunale di Messina, ex componente del Comitato per l&#8217;Occupazione della Regione Siciliana, ex segretario nazionale dell&#8217;UGL dell&#8217;Universit\u00e0 nazionale. Vice presidente sar\u00e0 Anna Maria Mazzaglia Miceli, avvocato cassazionista che si occupa di tutela dei diritti umani a livello internazionale, giornalista e donna di cultura che ha realizzato a Messina ben 4 Festival del Cinema di pregio Mostra del Cinema dello Stretto con soldi propri, e ha diretto un Festival di gran livello ed Europeo l&#8217;Art Sicily EST Festival a Catania, critico teatrale e cinematografico ha contribuito spesse volte ai successi altrui ed in passato \u00e8 stata assessore designato dal gruppo autonomisti nelle elezioni politiche ed esattamente con Alleanza Siciliana insieme all\u2019attuale presidente della Regione Nello Musumeci. Tesoriere sar\u00e0 invece il commercialista Carmelo Ramon Pino<\/em>&#8220;.<\/span><\/span><br \/>\n<span style=\"color: #000000\"><span style=\"font-family: Arial, sans-serif\">Nei prossimi giorni sar\u00e0 comunicata la data dell\u2019inaugurazione e della presentazione alla citt\u00e0 la sede del movimento che si trova in Via della Zecca 19. &#8220;<em>Saranno invitati tutti i cittadini che guardano con interesse al nostro operato,<\/em> &#8211; conclude Burrascano &#8211;<em> che ha gi\u00e0 catturato l\u2019attenzione di molti imprenditori, avvocati, medici, liberi professionisti, docenti, studenti e liberi cittadini che hanno garantito la loro adesione al movimento<\/em>&#8220;.<\/span><\/span><div id=\"div-gpt-ad-Messinaoggi.it-DSK-300x250-corpoart\" style=\"text-align:center;margin:0 auto;\"><\/div><\/p>\n<div id=\"videoincontent\" style=\"clear:both\";><\/div>","protected":false},"excerpt":{"rendered":"<p>Un nuovo movimento politico sta prendendo piede nella citt\u00e0 di Messina, il cui presidente sar\u00e0 l\u2019ex consigliere comunale Angelo Burrascano. Stiamo parlando del movimento \u201cArea Nuova\u201d, i cui principi ispiratori sono quelli della Costituzione italiana, e in particolare quelli della sovranit\u00e0 popolare e del ripudio della violenza, del razzismo e di qualsiasi altra forma di [&hellip;]<\/p>\n","protected":false},"author":8,"featured_media":1630,"comment_status":"closed","ping_status":"open","sticky":false,"template":"","format":"standard","meta":{"ub_ctt_via":"","_mi_skip_tracking":false},"categories":[4],"tags":[],"featured_image_src":"https:\/\/www.messinaoggi.it\/website\/wp-content\/uploads\/2017\/06\/Burrascano-Angelo-aula-2.jpg","author_info":{"display_name":"red..me","author_link":"https:\/\/www.messinaoggi.it\/website\/author\/redstage\/"},"digistream_id":0,"digistream":false,"_links":{"self":[{"href":"https:\/\/www.messinaoggi.it\/website\/wp-json\/wp\/v2\/posts\/32430"}],"collection":[{"href":"https:\/\/www.messinaoggi.it\/website\/wp-json\/wp\/v2\/posts"}],"about":[{"href":"https:\/\/www.messinaoggi.it\/website\/wp-json\/wp\/v2\/types\/post"}],"author":[{"embeddable":true,"href":"https:\/\/www.messinaoggi.it\/website\/wp-json\/wp\/v2\/users\/8"}],"replies":[{"embeddable":true,"href":"https:\/\/www.messinaoggi.it\/website\/wp-json\/wp\/v2\/comments?post=32430"}],"version-history":[{"count":0,"href":"https:\/\/www.messinaoggi.it\/website\/wp-json\/wp\/v2\/posts\/32430\/revisions"}],"wp:featuredmedia":[{"embeddable":true,"href":"https:\/\/www.messinaoggi.it\/website\/wp-json\/wp\/v2\/media\/1630"}],"wp:attachment":[{"href":"https:\/\/www.messinaoggi.it\/website\/wp-json\/wp\/v2\/media?parent=32430"}],"wp:term":[{"taxonomy":"category","embeddable":true,"href":"https:\/\/www.messinaoggi.it\/website\/wp-json\/wp\/v2\/categories?post=32430"},{"taxonomy":"post_tag","embeddable":true,"href":"https:\/\/www.messinaoggi.it\/website\/wp-json\/wp\/v2\/tags?post=32430"}],"curies":[{"name":"wp","href":"https:\/\/api.w.org\/{rel}","templated":true}]}}