{"id":32415,"date":"2019-05-09T22:31:08","date_gmt":"2019-05-09T20:31:08","guid":{"rendered":"https:\/\/www.messinaoggi.it\/website\/?p=32415"},"modified":"2019-05-09T22:31:08","modified_gmt":"2019-05-09T20:31:08","slug":"saranno-celebrati-domani-al-duomo-i-funerali-di-margherita-rosso","status":"publish","type":"post","link":"https:\/\/www.messinaoggi.it\/website\/2019\/05\/09\/saranno-celebrati-domani-al-duomo-i-funerali-di-margherita-rosso\/","title":{"rendered":"Saranno celebrati oggi al Duomo i funerali di Margherita Rosso"},"content":{"rendered":"<p>Saranno celebrati domani, venerd\u00ec 10 maggio, alle ore 16 i funerali di Margherita Rosso, la studentessa di 24 anni, morta a causa di un incidente stradale verificatosi sulla Litoranea a Paradiso.<br \/>\nEseguito soltanto l&#8217;esame esterno del cadavere della sfortunata ragazza, finita sotto le gomme di un mezzo pesante mentre stava percorrendo via Consolare Pompea, all&#8217;altezza di Paradiso, in sella ad uno scooter.<br \/>\nIl feretro, in serata, \u00e8 stato condotto in cattedrale, dove domani pomeriggio saranno celebrati i funerali, con molta probabilit\u00e0 dallo zio della ragazza, il vescovo ausiliare di Messina, monsignor Cesare Di Pietro.<br \/>\nSul fronte delle indagini, com&#8217;\u00e8 noto, al momento \u00e8 iscritto nel registro degli indagati il conducente del mezzo, ma \u00e8 bene specificare che si tratta di un atto dovuto da parte della Procura di Messina.<div id=\"div-gpt-ad-Messinaoggi.it-DSK-300x250-corpoart\" style=\"text-align:center;margin:0 auto;\"><\/div><\/p>\n<div id=\"videoincontent\" style=\"clear:both\";><\/div>","protected":false},"excerpt":{"rendered":"<p>Saranno celebrati domani, venerd\u00ec 10 maggio, alle ore 16 i funerali di Margherita Rosso, la studentessa di 24 anni, morta a causa di un incidente stradale verificatosi sulla Litoranea a Paradiso. Eseguito soltanto l&#8217;esame esterno del cadavere della sfortunata ragazza, finita sotto le gomme di un mezzo pesante mentre stava percorrendo via Consolare Pompea, all&#8217;altezza [&hellip;]<\/p>\n","protected":false},"author":2,"featured_media":32447,"comment_status":"closed","ping_status":"open","sticky":false,"template":"","format":"standard","meta":{"ub_ctt_via":"","_mi_skip_tracking":false},"categories":[19],"tags":[],"featured_image_src":"https:\/\/www.messinaoggi.it\/website\/wp-content\/uploads\/2019\/05\/41B55C8B-7C91-4803-9A27-E962D6A946A5.jpeg","author_info":{"display_name":"Redazione","author_link":"https:\/\/www.messinaoggi.it\/website\/author\/redazione\/"},"digistream_id":0,"digistream":false,"_links":{"self":[{"href":"https:\/\/www.messinaoggi.it\/website\/wp-json\/wp\/v2\/posts\/32415"}],"collection":[{"href":"https:\/\/www.messinaoggi.it\/website\/wp-json\/wp\/v2\/posts"}],"about":[{"href":"https:\/\/www.messinaoggi.it\/website\/wp-json\/wp\/v2\/types\/post"}],"author":[{"embeddable":true,"href":"https:\/\/www.messinaoggi.it\/website\/wp-json\/wp\/v2\/users\/2"}],"replies":[{"embeddable":true,"href":"https:\/\/www.messinaoggi.it\/website\/wp-json\/wp\/v2\/comments?post=32415"}],"version-history":[{"count":0,"href":"https:\/\/www.messinaoggi.it\/website\/wp-json\/wp\/v2\/posts\/32415\/revisions"}],"wp:featuredmedia":[{"embeddable":true,"href":"https:\/\/www.messinaoggi.it\/website\/wp-json\/wp\/v2\/media\/32447"}],"wp:attachment":[{"href":"https:\/\/www.messinaoggi.it\/website\/wp-json\/wp\/v2\/media?parent=32415"}],"wp:term":[{"taxonomy":"category","embeddable":true,"href":"https:\/\/www.messinaoggi.it\/website\/wp-json\/wp\/v2\/categories?post=32415"},{"taxonomy":"post_tag","embeddable":true,"href":"https:\/\/www.messinaoggi.it\/website\/wp-json\/wp\/v2\/tags?post=32415"}],"curies":[{"name":"wp","href":"https:\/\/api.w.org\/{rel}","templated":true}]}}