{"id":32400,"date":"2019-05-09T17:20:35","date_gmt":"2019-05-09T15:20:35","guid":{"rendered":"https:\/\/www.messinaoggi.it\/website\/?p=32400"},"modified":"2019-05-09T17:20:35","modified_gmt":"2019-05-09T15:20:35","slug":"il-parco-museo-jalari-ospita-il-convegno-lipotesi-di-gaia-biodiversita-semi-antichi-e-cambiamenti-climatici","status":"publish","type":"post","link":"https:\/\/www.messinaoggi.it\/website\/2019\/05\/09\/il-parco-museo-jalari-ospita-il-convegno-lipotesi-di-gaia-biodiversita-semi-antichi-e-cambiamenti-climatici\/","title":{"rendered":"Il Parco Museo Jalari ospita il convegno &quot;L\u2019Ipotesi di Gaia: Biodiversit\u00e0, Semi antichi e cambiamenti climatici\u201d"},"content":{"rendered":"<p>Domenica, a partire dalle ore 10.00, nell\u2019incantevole cornice del\u00a0 Parco Museo Jalari, l\u2019Associazione Culturale Etnografica Ambientale Jalari \u00a0in collaborazione con il dipartimento SAAF di Scienze Agrarie, Alimentari e Forestali dell\u2019Universit\u00e0 di Palermo e l\u2019Ordine dei Dottori Agronomi e forestali di Messina, nell\u2019ambito del progetto Jalari Green, ospiter\u00e0 il convegno dal titolo \u201cL\u2019Ipotesi di Gaia: Biodiversit\u00e0, Semi antichi e cambiamenti climatici\u201d.<br \/>\nLa salvaguardia ambientale \u00e8 ormai un\u2019urgenza da non sottovalutare. L\u2019eco diffusa in tutto il mondo da chi chiede a gran voce politiche sostenibili, risuona e ci mette di fronte alle nostre stesse responsabilit\u00e0. Qualcosa si pu\u00f2 fare, qualcosa dobbiamo fare: piccoli passi, tutti insieme, a parlare dall\u2019agricoltura, dove metodiche ecologiche e biologiche sono, non solo possibili, ma di fondamentale importanza. Attraverso queste, infatti, \u00e8 possibile preservare la biodiversit\u00e0, sempre pi\u00f9 minacciata dal degrado degli ecosistemi e da un\u2019agricoltura che, prendendo di mira solo il profilo, ha da una parte abbandonato alcune colture considerate \u201ca basso rendimento\u201d e \u00a0dall\u2019altra devastato i terreni eccedendo con l\u2019utilizzo di prodotti tossici che hanno ridotto anche le specie animali, in particolare gli insetti che giocano un ruolo fondamentale nell\u2019equilibrio dell\u2019ambiente e delle produzioni. \u00a0La giornata sar\u00e0 scandita dal seguente programma<br \/>\nAlle ore 10:00 Accoglienza degli ospiti a cura delle guide del parco che li accompagneranno nella Sala Convegni a seguito di una breve presentazione del Parco Museo Jalari;<br \/>\nalle ore 10:30 Convegno \u201cL\u2019ipotesi di Gaia: Biodiversit\u00e0; semi antichi e cambiamenti climatici\u201d presso la Sala Convegni del Parco Museo Jalari;<br \/>\nalle ore 13:00 Pranzo a base di prodotti tipici di stagione (su prenotazione); e successivamente laboratorio didattico per bambini \u201cDecorare con la natura\u201d.<br \/>\nBirdwatching presso la terrazza del Parco per l\u2019osservazione degli uccelli.<br \/>\nUn evento da non perdere per vivere\u00a0\u00a0 a contatto con la natura e riscoprirne la bellezza.<br \/>\n <div id=\"div-gpt-ad-Messinaoggi.it-DSK-300x250-corpoart\" style=\"text-align:center;margin:0 auto;\"><\/div><\/p>\n<div id=\"videoincontent\" style=\"clear:both\";><\/div>","protected":false},"excerpt":{"rendered":"<p>Domenica, a partire dalle ore 10.00, nell\u2019incantevole cornice del\u00a0 Parco Museo Jalari, l\u2019Associazione Culturale Etnografica Ambientale Jalari \u00a0in collaborazione con il dipartimento SAAF di Scienze Agrarie, Alimentari e Forestali dell\u2019Universit\u00e0 di Palermo e l\u2019Ordine dei Dottori Agronomi e forestali di Messina, nell\u2019ambito del progetto Jalari Green, ospiter\u00e0 il convegno dal titolo \u201cL\u2019Ipotesi di Gaia: Biodiversit\u00e0, [&hellip;]<\/p>\n","protected":false},"author":5,"featured_media":8633,"comment_status":"closed","ping_status":"open","sticky":false,"template":"","format":"standard","meta":{"ub_ctt_via":"","_mi_skip_tracking":false},"categories":[16],"tags":[],"featured_image_src":"https:\/\/www.messinaoggi.it\/website\/wp-content\/uploads\/2017\/09\/Jalari-1-2.jpg","author_info":{"display_name":"Maria Antonella Saia","author_link":"https:\/\/www.messinaoggi.it\/website\/author\/m-saia\/"},"digistream_id":0,"digistream":false,"_links":{"self":[{"href":"https:\/\/www.messinaoggi.it\/website\/wp-json\/wp\/v2\/posts\/32400"}],"collection":[{"href":"https:\/\/www.messinaoggi.it\/website\/wp-json\/wp\/v2\/posts"}],"about":[{"href":"https:\/\/www.messinaoggi.it\/website\/wp-json\/wp\/v2\/types\/post"}],"author":[{"embeddable":true,"href":"https:\/\/www.messinaoggi.it\/website\/wp-json\/wp\/v2\/users\/5"}],"replies":[{"embeddable":true,"href":"https:\/\/www.messinaoggi.it\/website\/wp-json\/wp\/v2\/comments?post=32400"}],"version-history":[{"count":0,"href":"https:\/\/www.messinaoggi.it\/website\/wp-json\/wp\/v2\/posts\/32400\/revisions"}],"wp:featuredmedia":[{"embeddable":true,"href":"https:\/\/www.messinaoggi.it\/website\/wp-json\/wp\/v2\/media\/8633"}],"wp:attachment":[{"href":"https:\/\/www.messinaoggi.it\/website\/wp-json\/wp\/v2\/media?parent=32400"}],"wp:term":[{"taxonomy":"category","embeddable":true,"href":"https:\/\/www.messinaoggi.it\/website\/wp-json\/wp\/v2\/categories?post=32400"},{"taxonomy":"post_tag","embeddable":true,"href":"https:\/\/www.messinaoggi.it\/website\/wp-json\/wp\/v2\/tags?post=32400"}],"curies":[{"name":"wp","href":"https:\/\/api.w.org\/{rel}","templated":true}]}}