{"id":32397,"date":"2019-05-09T13:13:09","date_gmt":"2019-05-09T11:13:09","guid":{"rendered":"https:\/\/www.messinaoggi.it\/website\/?p=32397"},"modified":"2019-05-09T13:13:09","modified_gmt":"2019-05-09T11:13:09","slug":"clan-degli-attori-il-rasoio-di-occam-chiude-la-iii-stagione","status":"publish","type":"post","link":"https:\/\/www.messinaoggi.it\/website\/2019\/05\/09\/clan-degli-attori-il-rasoio-di-occam-chiude-la-iii-stagione\/","title":{"rendered":"Clan degli Attori. Il rasoio di Occam chiude la III\u00b0 stagione"},"content":{"rendered":"<p>E siamo arrivati al gran finale. Sabato sul\u00a0 palco del Clan Off Teatro andr\u00e0 in scena, alle ore 18.30 e alle 21.30 e domenica alle ore 18.30, l\u2019ultimo imperdibile spettacolo dal titolo Il rasoio di Occam, \u00a0in prima nazionale. Il testo \u00e8 frutto della sinergia drammaturgica nata tra Giusi Arimatea e Giovanni Maria Curr\u00f2 che dello spettacolo cura anche la regia.<br \/>\nSul palco, a dare vita a quest\u2019imperdibile pi\u00e8ce \u00a0\u00a0gli attori Alessio Bonaffini, Tino Calabr\u00f2 e Mauro Failla, alle prese con una realt\u00e0 sempre sul punto di travolgerli. Tra le note delle ultime hit del momento a dimenarsi inconsapevolmente tra ci\u00f2 che sembra e ci\u00f2 che realmente \u00e8.<br \/>\nAd accompagnare la narrazione le voci di Antonio Alveario, Ivan Giambirtone ed Elisabeth Agrillo, scenografie e scenotecnica di Franco Curr\u00f2, aiuto regia Giusi Arimatea, costumi di Liliana Pispisa, audio e suoni Carmelo Galletta, grafica di Cinzia Muscolino, editing video Fabio Cacia, foto di scena di Giuseppe Contarini, produzione Clan degli Attori.\u00a0Dalla radio arrivano anche al Sud i fatti che il 9 maggio 1978 segnarono l\u2019Italia. E nel palcoscenico della grande storia si innesta quella infinitamente piccola di tre uomini, ciascuno con un passato da dimenticare e un futuro ancora da scrivere. Tutto quanto direttamente o trasversalmente li investe necessita una spiegazione. La teoria del rasoio di Occam \u2013 principio metodologico enunciato dal monaco inglese Guglielmo di Occam che si riassume brevemente in questo: a parit\u00e0 di elementi la soluzione di un problema \u00e8 quella pi\u00f9 semplice e ragionevole \u2013 propenderebbe per quella pi\u00f9 semplice.<br \/>\n<img loading=\"lazy\" class=\"alignnone size-medium wp-image-32399\" src=\"https:\/\/www.messinaoggi.it\/website\/wp-content\/uploads\/2019\/05\/il-rasoio-di-occam-300x141.jpg\" alt=\"\" width=\"300\" height=\"141\" \/><br \/>\n\u00abCon \u201cIl rasoio di Occam\u201d si chiude la Stagione Teatrale\u00a0<em>#r-esistenze<\/em>\u00a0\u2013 spiega Mauro Failla, direttore artistico del Clan Off insieme a Curr\u00f2 \u2013 una stagione intensa, dal bilancio estremamente positivo. Un anno fruttuoso, caratterizzato anche dalla produzione de \u201cLa citt\u00e0 abbandonata\u201d di Italo Calvino, nato come spettacolo di Teatro ragazzi che ha creato grandi entusiasmi ed ha fortemente coinvolto non solo i pi\u00f9 piccoli. Un anno pieno di appuntamenti e di grandi soddisfazioni. Un programma che ha raccolto i gusti di un pubblico sempre pi\u00f9 interessato ed attento: pi\u00f9 di duemila presenze per una stagione di teatro che ha coinvolto in maniera attiva gli spettatori, avvicinando nuove fasce di pubblico, con un significativo incremento anche di chi ha deciso di abbonarsi; e ancora bambini, tanti giovani e tanti meno giovani, parte attiva di una citt\u00e0 che sente il bisogno di vivere una temperie culturale fervente ed estremamente viva. Con emozione e trepidazione ci apprestiamo a vivere quest\u2019ultimo appuntamento di Stagione per poi lasciare spazio a una riflessione sulle future strade da percorrere per essere sempre pi\u00f9 attivi e presenti sul territorio\u00bb.<br \/>\nQueste le premesse di uno spettacolo che chiuder\u00e0 un anno di intense emozioni.<br \/>\n <br \/>\n <br \/>\n <div id=\"div-gpt-ad-Messinaoggi.it-DSK-300x250-corpoart\" style=\"text-align:center;margin:0 auto;\"><\/div><\/p>\n<div id=\"videoincontent\" style=\"clear:both\";><\/div>","protected":false},"excerpt":{"rendered":"<p>E siamo arrivati al gran finale. Sabato sul\u00a0 palco del Clan Off Teatro andr\u00e0 in scena, alle ore 18.30 e alle 21.30 e domenica alle ore 18.30, l\u2019ultimo imperdibile spettacolo dal titolo Il rasoio di Occam, \u00a0in prima nazionale. Il testo \u00e8 frutto della sinergia drammaturgica nata tra Giusi Arimatea e Giovanni Maria Curr\u00f2 che [&hellip;]<\/p>\n","protected":false},"author":5,"featured_media":32398,"comment_status":"closed","ping_status":"open","sticky":false,"template":"","format":"standard","meta":{"ub_ctt_via":"","_mi_skip_tracking":false},"categories":[17],"tags":[],"featured_image_src":"https:\/\/www.messinaoggi.it\/website\/wp-content\/uploads\/2019\/05\/il-rasoio-di-occam.1jpg.jpg","author_info":{"display_name":"Maria Antonella Saia","author_link":"https:\/\/www.messinaoggi.it\/website\/author\/m-saia\/"},"digistream_id":0,"digistream":false,"_links":{"self":[{"href":"https:\/\/www.messinaoggi.it\/website\/wp-json\/wp\/v2\/posts\/32397"}],"collection":[{"href":"https:\/\/www.messinaoggi.it\/website\/wp-json\/wp\/v2\/posts"}],"about":[{"href":"https:\/\/www.messinaoggi.it\/website\/wp-json\/wp\/v2\/types\/post"}],"author":[{"embeddable":true,"href":"https:\/\/www.messinaoggi.it\/website\/wp-json\/wp\/v2\/users\/5"}],"replies":[{"embeddable":true,"href":"https:\/\/www.messinaoggi.it\/website\/wp-json\/wp\/v2\/comments?post=32397"}],"version-history":[{"count":0,"href":"https:\/\/www.messinaoggi.it\/website\/wp-json\/wp\/v2\/posts\/32397\/revisions"}],"wp:featuredmedia":[{"embeddable":true,"href":"https:\/\/www.messinaoggi.it\/website\/wp-json\/wp\/v2\/media\/32398"}],"wp:attachment":[{"href":"https:\/\/www.messinaoggi.it\/website\/wp-json\/wp\/v2\/media?parent=32397"}],"wp:term":[{"taxonomy":"category","embeddable":true,"href":"https:\/\/www.messinaoggi.it\/website\/wp-json\/wp\/v2\/categories?post=32397"},{"taxonomy":"post_tag","embeddable":true,"href":"https:\/\/www.messinaoggi.it\/website\/wp-json\/wp\/v2\/tags?post=32397"}],"curies":[{"name":"wp","href":"https:\/\/api.w.org\/{rel}","templated":true}]}}