{"id":32363,"date":"2019-05-08T17:15:59","date_gmt":"2019-05-08T15:15:59","guid":{"rendered":"https:\/\/www.messinaoggi.it\/website\/?p=32363"},"modified":"2019-05-08T17:15:59","modified_gmt":"2019-05-08T15:15:59","slug":"autorita-portuale-mario-paolo-mega-il-nuovo-presidente","status":"publish","type":"post","link":"https:\/\/www.messinaoggi.it\/website\/2019\/05\/08\/autorita-portuale-mario-paolo-mega-il-nuovo-presidente\/","title":{"rendered":"Autorit\u00e0 Portuale, Mario Paolo Mega il nuovo presidente"},"content":{"rendered":"<p>Il Ministero delle Infrastrutture e dei Trasporti ha individuato nell\u2019ingegner Mario Paolo Mega la persona a cui affidare il ruolo di presidente della Autorit\u00e0 di Sistema Portuale dello Stretto. Grazie a questa nomina la 16esima autorit\u00e0 portuale diventa cos\u00ec pienamente operativa.<br \/>\nLo rende noto il deputato messinese del M5S, Angela Raffa.<br \/>\n&#8220;Ogni promessa \u00e8 un debito &#8211; esordisce cos\u00ec la deputata del Movimento 5 Stelle Angela Raffa, componente messinese della commissione trasporti &#8211; oggi il Ministeo Danilo Toninelli, come promesso durante la sua recente visita ha mantenuto la parola data. Segno della grande attenzione che finalmente viene data alla nostra citt\u00e0 dal governo nazionale. Adesso ognuno, regioni in testa, facciano la loro parte. Questa citt\u00e0 non ha bisogno di liti per le nomine e le poltrone, ne di un sindaco interessato solo a fare propaganda. Serve una chiara visione del futuro, della direzione dove andare per portare lavoro e sviluppo in riva dello stretto. La nuova Autorit\u00e0 portuale di Sistema, finalmente indipendente e non pi\u00f9 agganciata a Gioia Tauro, dovr\u00e0 giocare un ruolo strategico per il nostro territorio e la sua economia&#8221;.<br \/>\nLa scelta, notificata alle due Regioni coinvolte per l\u2019intesa, arriva al termine della procedura di raccolta di manifestazioni di interesse avviata lo scorso 6 marzo, ed \u00e8 maturata dopo una lunga e attenta valutazione dei numerosi curricula giunti al Mit.<br \/>\nMega ha una comprovata esperienza non solo nel settore dell\u2019economia dei trasporti e portuale, ma nello specifico all\u2019interno di un\u2019autorit\u00e0 portuale. \u00c8 infatti un ingegnere dalla indiscutibile professionalit\u00e0, attualmente dirigente tecnico del servizio infrastrutture, innovazione tecnologica e pianificazione strategica dell\u2019autorit\u00e0 portuale di Bari, istituzione per cui lavora dal 2003. Negli anni \u00e8 stato, tra le altre cose, anche componente del Comitato tecnico di Assoporti per le materie dell\u2019innovazione tecnologica e la creazione di sistemi Its.<br \/>\nCon la scelta del Ministero delle Infrastrutture e dei Trasporti la 16esima Autorit\u00e0 di distretto portuale potr\u00e0 operare per garantire il giusto rilancio ai porti di Messina, Milazzo, Tremestieri, Villa San Giovanni e Reggio Calabria, che le fanno capo, e lo sviluppo dell\u2019economia dell&#8217;area strategica dello Stretto.<div id=\"div-gpt-ad-Messinaoggi.it-DSK-300x250-corpoart\" style=\"text-align:center;margin:0 auto;\"><\/div><\/p>\n<div id=\"videoincontent\" style=\"clear:both\";><\/div>","protected":false},"excerpt":{"rendered":"<p>Il Ministero delle Infrastrutture e dei Trasporti ha individuato nell\u2019ingegner Mario Paolo Mega la persona a cui affidare il ruolo di presidente della Autorit\u00e0 di Sistema Portuale dello Stretto. Grazie a questa nomina la 16esima autorit\u00e0 portuale diventa cos\u00ec pienamente operativa. Lo rende noto il deputato messinese del M5S, Angela Raffa. &#8220;Ogni promessa \u00e8 un [&hellip;]<\/p>\n","protected":false},"author":2,"featured_media":3562,"comment_status":"closed","ping_status":"open","sticky":false,"template":"","format":"standard","meta":{"ub_ctt_via":"","_mi_skip_tracking":false},"categories":[5],"tags":[],"featured_image_src":"https:\/\/www.messinaoggi.it\/website\/wp-content\/uploads\/2017\/06\/porto-messina-madonnina-e-stretto-messinaoggi-2.jpg","author_info":{"display_name":"Redazione","author_link":"https:\/\/www.messinaoggi.it\/website\/author\/redazione\/"},"digistream_id":0,"digistream":false,"_links":{"self":[{"href":"https:\/\/www.messinaoggi.it\/website\/wp-json\/wp\/v2\/posts\/32363"}],"collection":[{"href":"https:\/\/www.messinaoggi.it\/website\/wp-json\/wp\/v2\/posts"}],"about":[{"href":"https:\/\/www.messinaoggi.it\/website\/wp-json\/wp\/v2\/types\/post"}],"author":[{"embeddable":true,"href":"https:\/\/www.messinaoggi.it\/website\/wp-json\/wp\/v2\/users\/2"}],"replies":[{"embeddable":true,"href":"https:\/\/www.messinaoggi.it\/website\/wp-json\/wp\/v2\/comments?post=32363"}],"version-history":[{"count":0,"href":"https:\/\/www.messinaoggi.it\/website\/wp-json\/wp\/v2\/posts\/32363\/revisions"}],"wp:featuredmedia":[{"embeddable":true,"href":"https:\/\/www.messinaoggi.it\/website\/wp-json\/wp\/v2\/media\/3562"}],"wp:attachment":[{"href":"https:\/\/www.messinaoggi.it\/website\/wp-json\/wp\/v2\/media?parent=32363"}],"wp:term":[{"taxonomy":"category","embeddable":true,"href":"https:\/\/www.messinaoggi.it\/website\/wp-json\/wp\/v2\/categories?post=32363"},{"taxonomy":"post_tag","embeddable":true,"href":"https:\/\/www.messinaoggi.it\/website\/wp-json\/wp\/v2\/tags?post=32363"}],"curies":[{"name":"wp","href":"https:\/\/api.w.org\/{rel}","templated":true}]}}