{"id":32362,"date":"2019-05-08T17:03:12","date_gmt":"2019-05-08T15:03:12","guid":{"rendered":"https:\/\/www.messinaoggi.it\/website\/?p=32362"},"modified":"2019-05-08T17:03:12","modified_gmt":"2019-05-08T15:03:12","slug":"genovese-jr-mai-pensato-di-aderire-alla-lega-fantasie-di-qualche-frustrato-escluso-dalle-europee","status":"publish","type":"post","link":"https:\/\/www.messinaoggi.it\/website\/2019\/05\/08\/genovese-jr-mai-pensato-di-aderire-alla-lega-fantasie-di-qualche-frustrato-escluso-dalle-europee\/","title":{"rendered":"Genovese jr: \u201cMai pensato di aderire alla Lega. Fantasie di qualche frustrato escluso dalle Europee\u201d"},"content":{"rendered":"<p>\u201cNon ho mai pensato di aderire alla Lega. L\u2019affannosa rincorsa a chi la spara pi\u00f9 grossa, di cui si sono resi protagonisti alcuni esponenti regionali del partito, \u00e8 sinceramente imbarazzante. Qualche indiscrezione giornalistica, evidentemente infondata, \u00e8 bastata per innescare uno sconcertante valzer di dichiarazioni alimentato da personaggi che hanno provato goffamente ad utilizzare il mio cognome per provare a darsi un tono. Tutte queste attenzioni mi hanno colpito, perch\u00e9 l\u2019unico elemento realistico di questa vicenda paradossale \u00e8 il mio rapporto di amicizia con l\u2019on. Angelo Attaguile. Tanto \u00e8 bastato per stimolare speculazioni di ogni sorta ed alimentare gelosie e faide interne a me totalmente estranee, dinamiche dalle quali emerge l\u2019indiscutibile frustrazione di chi, evidentemente, non ha digerito l\u2019esclusione dalla lista stilata dal Carroccio per le Europee, e di conseguenza la scelta dei vertici di puntare proprio su Angelo Attaguile.<br \/>\nAltro che trasformismo: sono stato eletto nel centrodestra e continuo a lavorare per il suo rafforzamento. \u00c8 inaccettabile la spregiudicatezza di certi personaggi che tentano la strada del moralismo pi\u00f9 deteriore per rivendicare il proprio spazio vitale dopo avere incassato una bocciatura politica. Ed \u00e8 sinceramente inquietante ritrovarsi nel bel mezzo di una contesa tra esponenti di un partito a me totalmente estraneo. Non ho mai incontrato il commissario leghista Candiani, n\u00e9 altri vertici regionali e nazionali leghisti. Pertanto smentisco ogni ipotesi di adesione alla Lega. E ricordo, a chi si \u00e8 premurato di affermare che \u201cle porte della Lega sono chiuse\u201d per Genovese, che il sottoscritto non ha mai bussato n\u00e9 a quella n\u00e9 ad altre porte. Di \u201cinquietante\u201d, in questa vicenda, c\u2019\u00e8 solo la frustrazione di chi si affida alla fantasia per provare ad ottenere qualche briciolo di visibilit\u00e0\u201d.<br \/>\nCos\u00ec il deputato regionale Luigi Genovese.<div id=\"div-gpt-ad-Messinaoggi.it-DSK-300x250-corpoart\" style=\"text-align:center;margin:0 auto;\"><\/div><\/p>\n<div id=\"videoincontent\" style=\"clear:both\";><\/div>","protected":false},"excerpt":{"rendered":"<p>\u201cNon ho mai pensato di aderire alla Lega. L\u2019affannosa rincorsa a chi la spara pi\u00f9 grossa, di cui si sono resi protagonisti alcuni esponenti regionali del partito, \u00e8 sinceramente imbarazzante. Qualche indiscrezione giornalistica, evidentemente infondata, \u00e8 bastata per innescare uno sconcertante valzer di dichiarazioni alimentato da personaggi che hanno provato goffamente ad utilizzare il mio [&hellip;]<\/p>\n","protected":false},"author":2,"featured_media":8220,"comment_status":"closed","ping_status":"open","sticky":false,"template":"","format":"standard","meta":{"ub_ctt_via":"","_mi_skip_tracking":false},"categories":[4],"tags":[],"featured_image_src":"https:\/\/www.messinaoggi.it\/website\/wp-content\/uploads\/2017\/09\/L-genovese-palaculturaRRP_7478-2.jpg","author_info":{"display_name":"Redazione","author_link":"https:\/\/www.messinaoggi.it\/website\/author\/redazione\/"},"digistream_id":0,"digistream":false,"_links":{"self":[{"href":"https:\/\/www.messinaoggi.it\/website\/wp-json\/wp\/v2\/posts\/32362"}],"collection":[{"href":"https:\/\/www.messinaoggi.it\/website\/wp-json\/wp\/v2\/posts"}],"about":[{"href":"https:\/\/www.messinaoggi.it\/website\/wp-json\/wp\/v2\/types\/post"}],"author":[{"embeddable":true,"href":"https:\/\/www.messinaoggi.it\/website\/wp-json\/wp\/v2\/users\/2"}],"replies":[{"embeddable":true,"href":"https:\/\/www.messinaoggi.it\/website\/wp-json\/wp\/v2\/comments?post=32362"}],"version-history":[{"count":0,"href":"https:\/\/www.messinaoggi.it\/website\/wp-json\/wp\/v2\/posts\/32362\/revisions"}],"wp:featuredmedia":[{"embeddable":true,"href":"https:\/\/www.messinaoggi.it\/website\/wp-json\/wp\/v2\/media\/8220"}],"wp:attachment":[{"href":"https:\/\/www.messinaoggi.it\/website\/wp-json\/wp\/v2\/media?parent=32362"}],"wp:term":[{"taxonomy":"category","embeddable":true,"href":"https:\/\/www.messinaoggi.it\/website\/wp-json\/wp\/v2\/categories?post=32362"},{"taxonomy":"post_tag","embeddable":true,"href":"https:\/\/www.messinaoggi.it\/website\/wp-json\/wp\/v2\/tags?post=32362"}],"curies":[{"name":"wp","href":"https:\/\/api.w.org\/{rel}","templated":true}]}}