{"id":32353,"date":"2019-05-08T12:05:52","date_gmt":"2019-05-08T10:05:52","guid":{"rendered":"https:\/\/www.messinaoggi.it\/website\/?p=32353"},"modified":"2019-05-08T12:05:52","modified_gmt":"2019-05-08T10:05:52","slug":"sanita-uil-sicilia-adesdo-tagli-e-disservizi","status":"publish","type":"post","link":"https:\/\/www.messinaoggi.it\/website\/2019\/05\/08\/sanita-uil-sicilia-adesdo-tagli-e-disservizi\/","title":{"rendered":"Sanit\u00e0, Uil Sicilia: \u201cAdesdo tagli e disservizi\u201d"},"content":{"rendered":"<p>\u201cI numeri parlano chiaro, la Sanit\u00e0 in Sicilia \u00e8 sempre pi\u00f9 debole e in forte crisi. Colpa di una gestione sbagliata che questo sindacato ha gi\u00e0 denunciato nel corso degli anni. Adesso a peggiorare la situazione il disavanzo di 153 milioni creato da cinque ospedali che causer\u00e0, con un nuovo piano di rientro, ulteriori tagli e disservizi a cittadini e lavoratori. E ancora non conosciamo la situazione economica delle Asp\u201d. Lo sostengono Claudio Barone ed Enzo Tango, segretari della Uil Sicilia e della Uil Fpl Sicilia, che aggiungono: \u201cServono meno annunci e un confronto serio per individuare con chiarezza gli interventi necessari per arrivare a una programmazione sanitaria funzionale e utile. E soprattutto nominare i direttori sanitari e i direttori amministrativi, senza i quali la riorganizzazione della sanit\u00e0 non pu\u00f2 partire. La paralisi gestionale \u00e8 sotto gli occhi di tutti\u201d.<div id=\"div-gpt-ad-Messinaoggi.it-DSK-300x250-corpoart\" style=\"text-align:center;margin:0 auto;\"><\/div><\/p>\n<div id=\"videoincontent\" style=\"clear:both\";><\/div>","protected":false},"excerpt":{"rendered":"<p>\u201cI numeri parlano chiaro, la Sanit\u00e0 in Sicilia \u00e8 sempre pi\u00f9 debole e in forte crisi. Colpa di una gestione sbagliata che questo sindacato ha gi\u00e0 denunciato nel corso degli anni. Adesso a peggiorare la situazione il disavanzo di 153 milioni creato da cinque ospedali che causer\u00e0, con un nuovo piano di rientro, ulteriori tagli [&hellip;]<\/p>\n","protected":false},"author":2,"featured_media":2171,"comment_status":"closed","ping_status":"open","sticky":false,"template":"","format":"standard","meta":{"ub_ctt_via":"","_mi_skip_tracking":false},"categories":[11],"tags":[],"featured_image_src":"https:\/\/www.messinaoggi.it\/website\/wp-content\/uploads\/2017\/06\/Barone-Claudio-2.png","author_info":{"display_name":"Redazione","author_link":"https:\/\/www.messinaoggi.it\/website\/author\/redazione\/"},"digistream_id":0,"digistream":false,"_links":{"self":[{"href":"https:\/\/www.messinaoggi.it\/website\/wp-json\/wp\/v2\/posts\/32353"}],"collection":[{"href":"https:\/\/www.messinaoggi.it\/website\/wp-json\/wp\/v2\/posts"}],"about":[{"href":"https:\/\/www.messinaoggi.it\/website\/wp-json\/wp\/v2\/types\/post"}],"author":[{"embeddable":true,"href":"https:\/\/www.messinaoggi.it\/website\/wp-json\/wp\/v2\/users\/2"}],"replies":[{"embeddable":true,"href":"https:\/\/www.messinaoggi.it\/website\/wp-json\/wp\/v2\/comments?post=32353"}],"version-history":[{"count":0,"href":"https:\/\/www.messinaoggi.it\/website\/wp-json\/wp\/v2\/posts\/32353\/revisions"}],"wp:featuredmedia":[{"embeddable":true,"href":"https:\/\/www.messinaoggi.it\/website\/wp-json\/wp\/v2\/media\/2171"}],"wp:attachment":[{"href":"https:\/\/www.messinaoggi.it\/website\/wp-json\/wp\/v2\/media?parent=32353"}],"wp:term":[{"taxonomy":"category","embeddable":true,"href":"https:\/\/www.messinaoggi.it\/website\/wp-json\/wp\/v2\/categories?post=32353"},{"taxonomy":"post_tag","embeddable":true,"href":"https:\/\/www.messinaoggi.it\/website\/wp-json\/wp\/v2\/tags?post=32353"}],"curies":[{"name":"wp","href":"https:\/\/api.w.org\/{rel}","templated":true}]}}