{"id":32343,"date":"2019-05-07T22:50:51","date_gmt":"2019-05-07T20:50:51","guid":{"rendered":"https:\/\/www.messinaoggi.it\/website\/?p=32343"},"modified":"2019-05-07T22:50:51","modified_gmt":"2019-05-07T20:50:51","slug":"giallo-al-policlinico-muore-bimbo-di-3-anni-aveva-diverse-fratture","status":"publish","type":"post","link":"https:\/\/www.messinaoggi.it\/website\/2019\/05\/07\/giallo-al-policlinico-muore-bimbo-di-3-anni-aveva-diverse-fratture\/","title":{"rendered":"Giallo al Policlinico: muore bimbo di 3 anni, aveva diverse fratture"},"content":{"rendered":"<p>Un bimbo di tre anni e mezzo, ricoverato da ieri notte al Policlinico, \u00e8 morto nel pomeriggio alla Terapia Intensiva neonatale. Il piccolo \u00e8 giunto da Santa Teresa di Riva dove risiede la famiglia in condizioni piuttosto critiche nella notte, ma gi\u00e0 ieri mattina s&#8217;\u00e8 reso necessario il trasferimento in Terapia intensiva.<br \/>\nA quanto pare, sul corpicino del bimbo sarebbero state riscontrare alcune fratture e per questo motivo \u00e8 stata aperta un&#8217;inchiesta che la sta conducendo il sostituto procuratore Marco Accolla. Sulla vicenda vige il massimo riserbo da parte degli investigatori. Questa mattina, gli agenti della Squadra mobile e delle Volanti hanno eseguito una perquisizione nell\u2019abitazione dove viveva il bimbo con la mamma e il compagno di quest\u2019ultima.<br \/>\nIl magistrato ha disposto l&#8217;acquisizione delle cartelle cliniche del piccolo. Al momento, non viene tralasciata alcuna ipotesi investigativa e per questo motivo \u00e8 stato disposto l&#8217;esame medico-legale da parte del magistrato titolare dell&#8217;inchiesta.<div id=\"div-gpt-ad-Messinaoggi.it-DSK-300x250-corpoart\" style=\"text-align:center;margin:0 auto;\"><\/div><\/p>\n<div id=\"videoincontent\" style=\"clear:both\";><\/div>","protected":false},"excerpt":{"rendered":"<p>Un bimbo di tre anni e mezzo, ricoverato da ieri notte al Policlinico, \u00e8 morto nel pomeriggio alla Terapia Intensiva neonatale. Il piccolo \u00e8 giunto da Santa Teresa di Riva dove risiede la famiglia in condizioni piuttosto critiche nella notte, ma gi\u00e0 ieri mattina s&#8217;\u00e8 reso necessario il trasferimento in Terapia intensiva. A quanto pare, [&hellip;]<\/p>\n","protected":false},"author":2,"featured_media":32342,"comment_status":"closed","ping_status":"open","sticky":false,"template":"","format":"standard","meta":{"ub_ctt_via":"","_mi_skip_tracking":false},"categories":[19],"tags":[],"featured_image_src":"https:\/\/www.messinaoggi.it\/website\/wp-content\/uploads\/2019\/05\/8C7771C4-CC0D-46FD-A376-7023879C55A2.jpeg","author_info":{"display_name":"Redazione","author_link":"https:\/\/www.messinaoggi.it\/website\/author\/redazione\/"},"digistream_id":0,"digistream":false,"_links":{"self":[{"href":"https:\/\/www.messinaoggi.it\/website\/wp-json\/wp\/v2\/posts\/32343"}],"collection":[{"href":"https:\/\/www.messinaoggi.it\/website\/wp-json\/wp\/v2\/posts"}],"about":[{"href":"https:\/\/www.messinaoggi.it\/website\/wp-json\/wp\/v2\/types\/post"}],"author":[{"embeddable":true,"href":"https:\/\/www.messinaoggi.it\/website\/wp-json\/wp\/v2\/users\/2"}],"replies":[{"embeddable":true,"href":"https:\/\/www.messinaoggi.it\/website\/wp-json\/wp\/v2\/comments?post=32343"}],"version-history":[{"count":0,"href":"https:\/\/www.messinaoggi.it\/website\/wp-json\/wp\/v2\/posts\/32343\/revisions"}],"wp:featuredmedia":[{"embeddable":true,"href":"https:\/\/www.messinaoggi.it\/website\/wp-json\/wp\/v2\/media\/32342"}],"wp:attachment":[{"href":"https:\/\/www.messinaoggi.it\/website\/wp-json\/wp\/v2\/media?parent=32343"}],"wp:term":[{"taxonomy":"category","embeddable":true,"href":"https:\/\/www.messinaoggi.it\/website\/wp-json\/wp\/v2\/categories?post=32343"},{"taxonomy":"post_tag","embeddable":true,"href":"https:\/\/www.messinaoggi.it\/website\/wp-json\/wp\/v2\/tags?post=32343"}],"curies":[{"name":"wp","href":"https:\/\/api.w.org\/{rel}","templated":true}]}}