{"id":32328,"date":"2019-05-07T17:35:24","date_gmt":"2019-05-07T15:35:24","guid":{"rendered":"https:\/\/www.messinaoggi.it\/website\/?p=32328"},"modified":"2019-05-07T17:35:24","modified_gmt":"2019-05-07T15:35:24","slug":"m5s-giu-le-mani-dalla-sanita-pubblica-musumeci-dica-se-sta-con-micciche","status":"publish","type":"post","link":"https:\/\/www.messinaoggi.it\/website\/2019\/05\/07\/m5s-giu-le-mani-dalla-sanita-pubblica-musumeci-dica-se-sta-con-micciche\/","title":{"rendered":"M5S: &quot;Gi\u00f9 le mani dalla sanit\u00e0 pubblica. Musumeci dica se sta con Miccich\u00e8&quot;"},"content":{"rendered":"<p class=\"p1\" style=\"text-align: justify;\"><span class=\"s1\">\u201cGi\u00f9 le mani dalla sanit\u00e0 pubblica. Il governo Musumeci ci dica chiaramente se sta con Miccich\u00e8 o con i cittadini.\u00a0 Il sospetto \u00e8 che, con l\u2019alibi di cercare soluzioni ai disservizi del pubblico che ha creato la politica, si voglia dare la sanit\u00e0 in mano al privato\u201d.\u00a0<\/span><div id=\"div-gpt-ad-Messinaoggi.it-DSK-300x250-corpoart\" style=\"text-align:center;margin:0 auto;\"><\/div><\/p>\n<p class=\"p1\" style=\"text-align: justify;\"><span class=\"s1\">Lo affermano i deputati del M5S\u00a0 Francesco Cappello, Giorgio Pasqua, Salvatore Siragusa e Antonio De Luca, componenti della commissione Salute dell\u2019Ars, a commento delle recenti dichiarazioni del presidente dell&#8217;Ars, Gianfranco Miccich\u00e8 che auspica per la Sicilia il modello Lombardia.<\/span><div id=\"videoincontent\" style=\"clear:both\";><\/div><\/p>\n<p class=\"p1\" style=\"text-align: justify;\"><span class=\"s1\">\u201cLe ultime uscite di Miccich\u00e8 \u2013 afferma Francesco Cappello \u2013 sono tutte da censurare. Comprendiamo che il clima da campagna elettorale per chi sente franare la terra sotto i propri piedi sia il peggiore dei consiglieri, ci sono per\u00f2 affermazioni che non sono accettabili. Quella sulla sanit\u00e0 rientra sicuramente tra queste. Se qualcuno medita d continuare a smantellare il pubblico per spianare la strada ai privati ha fatto male i conti. Il M5S stelle si opporr\u00e0 con tutte le forze a un progetto del genere\u201d.<\/span><\/p>\n<p class=\"p1\" style=\"text-align: justify;\"><span class=\"s1\">\u201cMusumeci e Razza \u2013 affermano i deputati \u2013 dicano chiaramente da che parte stanno. Il pretesto di accorciare le liste d\u2019attesa per aprire i cordoni della borsa in favore delle strutture private puzza lontano un miglio. Come non convince il piano di erogare le prestazioni la sera, visto che negli ospedali non c\u2019\u00e8 nemmeno il personale per farli funzionare decentemente di giorno, e basta fare un giro in corsia o nei pronto soccorso per rendersene conto\u201d.<\/span><\/p>\n<p class=\"p1\" style=\"text-align: justify;\"><span class=\"s1\">\u201cPiuttosto \u2013 conclude Cappello \u2013 Musumeci e Miccich\u00e8 cerchino di governare meglio il settore. I conti di parecchie aziende ospedaliere continuano a peggiorare, come dimostra il recente decreto assessoriale, che sancisce i loro piani di rientro. E tutto questo mentre i vertici amministrativi e sanitari continuano a rimanere saldamente ai propri posti\u201d.\u00a0<\/span><\/p>\n","protected":false},"excerpt":{"rendered":"<p>\u201cGi\u00f9 le mani dalla sanit\u00e0 pubblica. Il governo Musumeci ci dica chiaramente se sta con Miccich\u00e8 o con i cittadini.\u00a0 Il sospetto \u00e8 che, con l\u2019alibi di cercare soluzioni ai disservizi del pubblico che ha creato la politica, si voglia dare la sanit\u00e0 in mano al privato\u201d.\u00a0 Lo affermano i deputati del M5S\u00a0 Francesco Cappello, [&hellip;]<\/p>\n","protected":false},"author":2,"featured_media":17756,"comment_status":"closed","ping_status":"open","sticky":false,"template":"","format":"standard","meta":{"ub_ctt_via":"","_mi_skip_tracking":false},"categories":[4],"tags":[],"featured_image_src":"https:\/\/www.messinaoggi.it\/website\/wp-content\/uploads\/2018\/04\/antonio-de-luca-m5s_8410-1.jpg","author_info":{"display_name":"Redazione","author_link":"https:\/\/www.messinaoggi.it\/website\/author\/redazione\/"},"digistream_id":0,"digistream":false,"_links":{"self":[{"href":"https:\/\/www.messinaoggi.it\/website\/wp-json\/wp\/v2\/posts\/32328"}],"collection":[{"href":"https:\/\/www.messinaoggi.it\/website\/wp-json\/wp\/v2\/posts"}],"about":[{"href":"https:\/\/www.messinaoggi.it\/website\/wp-json\/wp\/v2\/types\/post"}],"author":[{"embeddable":true,"href":"https:\/\/www.messinaoggi.it\/website\/wp-json\/wp\/v2\/users\/2"}],"replies":[{"embeddable":true,"href":"https:\/\/www.messinaoggi.it\/website\/wp-json\/wp\/v2\/comments?post=32328"}],"version-history":[{"count":0,"href":"https:\/\/www.messinaoggi.it\/website\/wp-json\/wp\/v2\/posts\/32328\/revisions"}],"wp:featuredmedia":[{"embeddable":true,"href":"https:\/\/www.messinaoggi.it\/website\/wp-json\/wp\/v2\/media\/17756"}],"wp:attachment":[{"href":"https:\/\/www.messinaoggi.it\/website\/wp-json\/wp\/v2\/media?parent=32328"}],"wp:term":[{"taxonomy":"category","embeddable":true,"href":"https:\/\/www.messinaoggi.it\/website\/wp-json\/wp\/v2\/categories?post=32328"},{"taxonomy":"post_tag","embeddable":true,"href":"https:\/\/www.messinaoggi.it\/website\/wp-json\/wp\/v2\/tags?post=32328"}],"curies":[{"name":"wp","href":"https:\/\/api.w.org\/{rel}","templated":true}]}}