{"id":32327,"date":"2019-05-07T18:30:55","date_gmt":"2019-05-07T16:30:55","guid":{"rendered":"https:\/\/www.messinaoggi.it\/website\/?p=32327"},"modified":"2019-05-07T18:30:55","modified_gmt":"2019-05-07T16:30:55","slug":"corteo-per-commemorare-alessandra-musarra-vittima-di-femminicidio","status":"publish","type":"post","link":"https:\/\/www.messinaoggi.it\/website\/2019\/05\/07\/corteo-per-commemorare-alessandra-musarra-vittima-di-femminicidio\/","title":{"rendered":"Corteo per commemorare Alessandra Musarra, vittima di femminicidio"},"content":{"rendered":"<p class=\"p1\"><span class=\"s1\">La famiglia di Alessandra Musarra, vittima di femminicidio, l&#8217;ha commemorata oggi con un corteo che \u00e8 partito da piazza Cairoli alle 15 e e si \u00e8 snodato lungo la via Tommaso Cannizzaro, la via Cesare Battisti per poi fermarsi a piazza Duomo dove vi \u00e8 stato un momento di riflessione con i familiari e le associazioni.<\/span><div id=\"div-gpt-ad-Messinaoggi.it-DSK-300x250-corpoart\" style=\"text-align:center;margin:0 auto;\"><\/div><\/p>\n<p class=\"p1\"><span class=\"s1\">Sono intervenuti, fra gli altri,\u00a0 Simona D&#8217;Angelo (presidente CeDAV Onlus), Francesca Spadaro (scrittrice), Ilenia Coletti (criminologa forense, psicoterapeuta), Annamaria Argento (imprenditrice, segretaria esecutiva associazione Fidapa Messina Capo Peloro), Alessandra Calafiore (assessore ai Servizi Sociali Comune di Messina), Cettina Restuccia (associazioni Evaluna Onlus e Penelope), Carmen Musarra (sorella di Alessandra e presidente Centro Antiviolenza &#8220;Al tuo fianco&#8221;).<\/span><div id=\"videoincontent\" style=\"clear:both\";><\/div><\/p>\n","protected":false},"excerpt":{"rendered":"<p>La famiglia di Alessandra Musarra, vittima di femminicidio, l&#8217;ha commemorata oggi con un corteo che \u00e8 partito da piazza Cairoli alle 15 e e si \u00e8 snodato lungo la via Tommaso Cannizzaro, la via Cesare Battisti per poi fermarsi a piazza Duomo dove vi \u00e8 stato un momento di riflessione con i familiari e le [&hellip;]<\/p>\n","protected":false},"author":2,"featured_media":32332,"comment_status":"closed","ping_status":"open","sticky":false,"template":"","format":"standard","meta":{"ub_ctt_via":"","_mi_skip_tracking":false},"categories":[5],"tags":[],"featured_image_src":"https:\/\/www.messinaoggi.it\/website\/wp-content\/uploads\/2019\/05\/A16902E3-D59B-4A1E-866B-F9F57FBBE97D.jpeg","author_info":{"display_name":"Redazione","author_link":"https:\/\/www.messinaoggi.it\/website\/author\/redazione\/"},"digistream_id":0,"digistream":false,"_links":{"self":[{"href":"https:\/\/www.messinaoggi.it\/website\/wp-json\/wp\/v2\/posts\/32327"}],"collection":[{"href":"https:\/\/www.messinaoggi.it\/website\/wp-json\/wp\/v2\/posts"}],"about":[{"href":"https:\/\/www.messinaoggi.it\/website\/wp-json\/wp\/v2\/types\/post"}],"author":[{"embeddable":true,"href":"https:\/\/www.messinaoggi.it\/website\/wp-json\/wp\/v2\/users\/2"}],"replies":[{"embeddable":true,"href":"https:\/\/www.messinaoggi.it\/website\/wp-json\/wp\/v2\/comments?post=32327"}],"version-history":[{"count":0,"href":"https:\/\/www.messinaoggi.it\/website\/wp-json\/wp\/v2\/posts\/32327\/revisions"}],"wp:featuredmedia":[{"embeddable":true,"href":"https:\/\/www.messinaoggi.it\/website\/wp-json\/wp\/v2\/media\/32332"}],"wp:attachment":[{"href":"https:\/\/www.messinaoggi.it\/website\/wp-json\/wp\/v2\/media?parent=32327"}],"wp:term":[{"taxonomy":"category","embeddable":true,"href":"https:\/\/www.messinaoggi.it\/website\/wp-json\/wp\/v2\/categories?post=32327"},{"taxonomy":"post_tag","embeddable":true,"href":"https:\/\/www.messinaoggi.it\/website\/wp-json\/wp\/v2\/tags?post=32327"}],"curies":[{"name":"wp","href":"https:\/\/api.w.org\/{rel}","templated":true}]}}