{"id":32297,"date":"2019-05-07T10:30:08","date_gmt":"2019-05-07T08:30:08","guid":{"rendered":"https:\/\/www.messinaoggi.it\/website\/?p=32297"},"modified":"2019-05-07T10:30:08","modified_gmt":"2019-05-07T08:30:08","slug":"contratti-messina-social-city-anche-la-cisl-fp-vuole-vederci-chiaro","status":"publish","type":"post","link":"https:\/\/www.messinaoggi.it\/website\/2019\/05\/07\/contratti-messina-social-city-anche-la-cisl-fp-vuole-vederci-chiaro\/","title":{"rendered":"Contratti Messina Social City: anche la Cisl Fp vuole vederci chiaro"},"content":{"rendered":"<p>Entro gioved\u00ec 9 i lavoratori di Messina Social City si dovranno interfacciare con i coordinatori per evidenziare tutte le anomalie riscontrate nelle prime buste paga. \u00c8 questo quanto condiviso durante l\u2019incontro che si \u00e8 tenuto nel pomeriggio tra i rappresentanti delle Organizzazioni sindacali e quelli di Messina Social City. Anche la Cisl vuole vederci chiaro.<br \/>\n\u00abDevono essere regolarizzate &#8211; sostiene Calogero Emanuele che rappresentava la Cisl Fp &#8211; le buste paga relativamente agli scatti di anzianit\u00e0, al riconoscimento degli assegni familiari e delle indennit\u00e0 professionali, alla destinazione del Tfr e al riconoscimento delle indennit\u00e0 per prestazioni notturne e festive\u00bb.<br \/>\nLa Cisl Fp ha anche sollecitato di verificare le anomalie relative al corretto inquadramento del personale. \u00abEra necessario ed indispensabile entrare nel merito delle questioni legate alla contrattualizzazione dei lavoratori della Messina Social City, soprattutto dopo aver verificato le anomalie che si sono registrate col pagamento del primo stipendio\u00bb, sottolinea Calogero Emanuele che aggiunge: \u00abResta fermo che comunque lo stipendio del mese di aprile deve essere pagato nelle more della regolarizzazione delle posizioni entro il prossimo 15 maggio\u00bb.<br \/>\nPer la Cisl Fp, comunque, c\u2019\u00e8 ancora tanto da fare. \u00abSoprattutto in merito all\u2019organizzazione della struttura, ai regolamenti di funzionamento, agli organigrammi per i servizi ed ai criteri di utilizzo del personale. Naturalmente anche sulla Long List si dovr\u00e0 fare il punto della situazione nell\u2019incontro in programma venerd\u00ec prossimo, 10 maggio, perch\u00e9 \u00e8 necessario ed urgente definire il tutto per sopperire alle carenze ed i vuoti di personale per non compromettere servizi\u00bb.<div id=\"div-gpt-ad-Messinaoggi.it-DSK-300x250-corpoart\" style=\"text-align:center;margin:0 auto;\"><\/div><\/p>\n<div id=\"videoincontent\" style=\"clear:both\";><\/div>","protected":false},"excerpt":{"rendered":"<p>Entro gioved\u00ec 9 i lavoratori di Messina Social City si dovranno interfacciare con i coordinatori per evidenziare tutte le anomalie riscontrate nelle prime buste paga. \u00c8 questo quanto condiviso durante l\u2019incontro che si \u00e8 tenuto nel pomeriggio tra i rappresentanti delle Organizzazioni sindacali e quelli di Messina Social City. Anche la Cisl vuole vederci chiaro. [&hellip;]<\/p>\n","protected":false},"author":2,"featured_media":22350,"comment_status":"closed","ping_status":"open","sticky":false,"template":"","format":"standard","meta":{"ub_ctt_via":"","_mi_skip_tracking":false},"categories":[5],"tags":[],"featured_image_src":"https:\/\/www.messinaoggi.it\/website\/wp-content\/uploads\/2018\/07\/De-Luca-e-assessore-Calafiore-messinaoggiMarcyRuggi-1.jpg","author_info":{"display_name":"Redazione","author_link":"https:\/\/www.messinaoggi.it\/website\/author\/redazione\/"},"digistream_id":0,"digistream":false,"_links":{"self":[{"href":"https:\/\/www.messinaoggi.it\/website\/wp-json\/wp\/v2\/posts\/32297"}],"collection":[{"href":"https:\/\/www.messinaoggi.it\/website\/wp-json\/wp\/v2\/posts"}],"about":[{"href":"https:\/\/www.messinaoggi.it\/website\/wp-json\/wp\/v2\/types\/post"}],"author":[{"embeddable":true,"href":"https:\/\/www.messinaoggi.it\/website\/wp-json\/wp\/v2\/users\/2"}],"replies":[{"embeddable":true,"href":"https:\/\/www.messinaoggi.it\/website\/wp-json\/wp\/v2\/comments?post=32297"}],"version-history":[{"count":0,"href":"https:\/\/www.messinaoggi.it\/website\/wp-json\/wp\/v2\/posts\/32297\/revisions"}],"wp:featuredmedia":[{"embeddable":true,"href":"https:\/\/www.messinaoggi.it\/website\/wp-json\/wp\/v2\/media\/22350"}],"wp:attachment":[{"href":"https:\/\/www.messinaoggi.it\/website\/wp-json\/wp\/v2\/media?parent=32297"}],"wp:term":[{"taxonomy":"category","embeddable":true,"href":"https:\/\/www.messinaoggi.it\/website\/wp-json\/wp\/v2\/categories?post=32297"},{"taxonomy":"post_tag","embeddable":true,"href":"https:\/\/www.messinaoggi.it\/website\/wp-json\/wp\/v2\/tags?post=32297"}],"curies":[{"name":"wp","href":"https:\/\/api.w.org\/{rel}","templated":true}]}}