{"id":32267,"date":"2019-05-06T12:20:25","date_gmt":"2019-05-06T10:20:25","guid":{"rendered":"https:\/\/www.messinaoggi.it\/website\/?p=32267"},"modified":"2019-05-06T12:20:25","modified_gmt":"2019-05-06T10:20:25","slug":"ex-province-il-15-maggio-la-marcia-dei-sindaci-a-palermo","status":"publish","type":"post","link":"https:\/\/www.messinaoggi.it\/website\/2019\/05\/06\/ex-province-il-15-maggio-la-marcia-dei-sindaci-a-palermo\/","title":{"rendered":"Ex Province, il 15 maggio la marcia dei sindaci a Palermo"},"content":{"rendered":"<p>La marcia dei sindaci in programma a Palermo e promossa dal sindaco della Citt\u00e0 Metropolitana di Messina, Cateno de Luca, \u00e8 stata anticipata a <a dir=\"ltr\" href=\"x-apple-data-detectors:\/\/2\">mercoled\u00ec 15 maggio 2019, alle ore 11.00<\/a> a Piazza Indipendenza.<br \/>\nIl concentramento coinvolger\u00e0 tutti i Sindaci Metropolitani, i Commissari dei Liberi Consorzi e di tutti i Sindaci dei Comuni siciliani per sottolineare l&#8217;impossibilit\u00e0, a parte delle ex Province, di far fronte agli obblighi istituzionali e alla erogazione dei servizi a causa della drammatica situazione economica, determinatasi esclusivamente a causa del prelievo forzoso dello Stato.<br \/>\n&#8220;Ritengo indispensabile unire le forze di tutti noi Sindaci siciliani e, pertanto, saremo a a Palermo <a dir=\"ltr\" href=\"x-apple-data-detectors:\/\/3\">il 15 maggio<\/a> per manifestare il disagio delle comunit\u00e0 locali a causa della impossibilit\u00e0 delle ex Province siciliane tutte, di erogare servizi e, nel contempo, per consegnare al Presidente della Regione la soluzione tecnica che \u00e8 stata individuata per risolvere definitivamente i problemi finanziari dei Liberi Consorzi e Citt\u00e0 Metropolitane della Sicilia. La proposta \u00e8 finalizzata all&#8217;approvazione, da parte del Parlamento nazionale, delle modifiche normative che consentano alle Citt\u00e0 Metropolitane e ai Liberi Consorzi di approvare i Bilanci pregressi anche in presenza di criticit\u00e0 (squilibri) e alla copertura finanziaria per il triennio 2019-2021, utilizzando le somme del Fondo Sviluppo e Coesione (FSC) per circa 350 milioni di euro. Questa soluzione pur non ottemperando pienamente alla richiesta originaria di avere restituiti i fondi sottratti alle ex Province dal prelievo forzoso (legge 190\/2014), uniformandosi a quanto \u00e8 gi\u00e0 avvenuto nelle Regioni a statuto Ordinario \u00e8, in questo momento, l&#8217;unica soluzione praticabile per salvare le Citt\u00e0 Metropolitane e i Liberi Consorzi siciliani, evitando un danno peggiore e irreversibile come la dichiarazione di dissesto che, cosi&#8217; come gi\u00e0 detto in pi\u00f9 incontri istituzionali, non consentirebbe comunque di utilizzare le risorse finanziarie per investimenti sul territorio, stante che il dissesto, in presenza di una non risolta crisi finanziaria degli Enti di area vasta, non rappresenta la soluzione al problema della impossibilit\u00e0 di approvare i documenti contabili degli Enti&#8221;.<div id=\"div-gpt-ad-Messinaoggi.it-DSK-300x250-corpoart\" style=\"text-align:center;margin:0 auto;\"><\/div><\/p>\n<div id=\"videoincontent\" style=\"clear:both\";><\/div>","protected":false},"excerpt":{"rendered":"<p>La marcia dei sindaci in programma a Palermo e promossa dal sindaco della Citt\u00e0 Metropolitana di Messina, Cateno de Luca, \u00e8 stata anticipata a mercoled\u00ec 15 maggio 2019, alle ore 11.00 a Piazza Indipendenza. Il concentramento coinvolger\u00e0 tutti i Sindaci Metropolitani, i Commissari dei Liberi Consorzi e di tutti i Sindaci dei Comuni siciliani per [&hellip;]<\/p>\n","protected":false},"author":2,"featured_media":32125,"comment_status":"closed","ping_status":"open","sticky":false,"template":"","format":"standard","meta":{"ub_ctt_via":"","_mi_skip_tracking":false},"categories":[6],"tags":[],"featured_image_src":"https:\/\/www.messinaoggi.it\/website\/wp-content\/uploads\/2019\/05\/E8DD9813-4E1B-4245-82E8-D726F51F7B05.jpeg","author_info":{"display_name":"Redazione","author_link":"https:\/\/www.messinaoggi.it\/website\/author\/redazione\/"},"digistream_id":0,"digistream":false,"_links":{"self":[{"href":"https:\/\/www.messinaoggi.it\/website\/wp-json\/wp\/v2\/posts\/32267"}],"collection":[{"href":"https:\/\/www.messinaoggi.it\/website\/wp-json\/wp\/v2\/posts"}],"about":[{"href":"https:\/\/www.messinaoggi.it\/website\/wp-json\/wp\/v2\/types\/post"}],"author":[{"embeddable":true,"href":"https:\/\/www.messinaoggi.it\/website\/wp-json\/wp\/v2\/users\/2"}],"replies":[{"embeddable":true,"href":"https:\/\/www.messinaoggi.it\/website\/wp-json\/wp\/v2\/comments?post=32267"}],"version-history":[{"count":0,"href":"https:\/\/www.messinaoggi.it\/website\/wp-json\/wp\/v2\/posts\/32267\/revisions"}],"wp:featuredmedia":[{"embeddable":true,"href":"https:\/\/www.messinaoggi.it\/website\/wp-json\/wp\/v2\/media\/32125"}],"wp:attachment":[{"href":"https:\/\/www.messinaoggi.it\/website\/wp-json\/wp\/v2\/media?parent=32267"}],"wp:term":[{"taxonomy":"category","embeddable":true,"href":"https:\/\/www.messinaoggi.it\/website\/wp-json\/wp\/v2\/categories?post=32267"},{"taxonomy":"post_tag","embeddable":true,"href":"https:\/\/www.messinaoggi.it\/website\/wp-json\/wp\/v2\/tags?post=32267"}],"curies":[{"name":"wp","href":"https:\/\/api.w.org\/{rel}","templated":true}]}}