{"id":32260,"date":"2019-05-06T10:55:56","date_gmt":"2019-05-06T08:55:56","guid":{"rendered":"https:\/\/www.messinaoggi.it\/website\/?p=32260"},"modified":"2019-05-06T10:55:56","modified_gmt":"2019-05-06T08:55:56","slug":"premio-vizzini-vince-palermo","status":"publish","type":"post","link":"https:\/\/www.messinaoggi.it\/website\/2019\/05\/06\/premio-vizzini-vince-palermo\/","title":{"rendered":"Premio Vizzini: vince Palermo"},"content":{"rendered":"<p class=\"p1\"><span class=\"s1\">Vince Palermo, o meglio una donna di spalle e due uomini che ammirano altrettante fontane monumentali incastonate nei palazzi del noto incrocio del centro storico del capoluogo siciliano &#8220;I Quattro Canti&#8221;: lo scatto, intitolato appunto &#8220;Due dei quattro&#8221; e firmato da <b>Martina Polito<\/b>, \u00e8 una celebrazione in bianco e nero della bellezza, della storia, dell&#8217;architettura, un simbolo della nostra terra impreziosito da un&#8217;inquadratura dal basso che d\u00e0 importanza alla protagonista, seppure non vista in viso, quanto all&#8217;essenza della Sicilia in grado di venire fuori con forte impatto motivo sullo spettatore. Si \u00e8 concluso nei giorni scorsi il lavoro della giuria di qualit\u00e0 del contest dedicato all&#8217;indimenticato fotoreporter, il maestro Michelangelo Vizzini, che ha visto trionfare il bianco e nero sul colore, nonostante il tema &#8220;Donne e Sicilia&#8221; fosse utile anche per un tripudio di tonalit\u00e0 che caratterizzano la nostra isola: unico scatto a colori che ha ottenuto un riconoscimento, &#8220;Beata Giovent\u00f9&#8221; di <b>Domenico Piccione<\/b>, con il premio speciale &#8220;Discover Messina Sicily&#8221;. Seconda classificata invece &#8220;A fimmina&#8221; di <b>Teresa<\/b> <b>Letizia Bont\u00e0<\/b>, fotografa che ha vinto anche il premio speciale dell\u2019ambulatorio odontoiatrico Dott. Santo Trovato, main sponsor dell&#8217;iniziativa, per lo scatto \u201cScandalo fu\u201d. Nel primo sono due i soggetti, probabilmente una figlia e un pap\u00e0 anziano, nella cucina di una baracca-grotta dove, tra cassetti sconquassati di un vecchio armadio e varie suppellettili, la pi\u00f9 giovane &#8220;fimmina&#8221;, dallo sguardo e bellezza mediterranea, si gira richiamata dalla faccende domestiche mentre sistema un piatto: \u00e8 il ritratto di una Sicilia povera, che ricorda quando i siciliani scappavano dall&#8217;isola tra &#8216;800 e &#8216;900 per le condizioni di miseria, di una Sicilia legata alla famiglia come alla cucina come alle origini, di una Sicilia che vorremmo non esistesse pi\u00f9 e al contrario, in molti paesi e borghi queste fotografie sono realt\u00e0 odierne.<\/span><div id=\"div-gpt-ad-Messinaoggi.it-DSK-300x250-corpoart\" style=\"text-align:center;margin:0 auto;\"><\/div><\/p>\n<p class=\"p1\"><span class=\"s1\">Terzo posto per \u201cCandore siculo\u201d di <b>Pietro Varacalli<\/b>: una ragazzina candida, dolce, labbra carnose, lunghi capelli, tunica chiara, sguardo preoccupato o incuriosito chiss\u00e0 da cosa, emerge da un primo piano chiaro-scuro che lascia alle spalle alcuni uomini molto eleganti e di diverse et\u00e0: un tripudio di contrasto tra bianco e nero, tra donna e uomini, tra giovinezza e persone di altre et\u00e0, che distratte, non guardano la ragazza, fino al quarto uomo sulla destra addirittura voltato dal lato opposto, quasi un messaggio sociale per dire che spesso la bellezza &#8220;sicula&#8221;, ricca di semplicit\u00e0, ce l&#8217;abbiamo accanto, per\u00f2 non sappiamo apprezzarla.<\/span><div id=\"videoincontent\" style=\"clear:both\";><\/div><\/p>\n<p class=\"p1\"><span class=\"s1\">Il premio Social TempoStretto \u00e8 stato assegnato a <b>Martina Lisitano<\/b> con \u201cAll\u2019ombra del sole\u201d mentre a \u201cEssenza sicula\u201d di <b>Davide Schillaci<\/b> il Premio Foto Verticale. Infine il Premio Morgana va a Matteo Smillo con \u201cMomenti del Passato\u201d.<\/span><\/p>\n<p class=\"p1\"><span class=\"s1\">La commissione, composta dai fotografi <b>Mimmo Irrera, Francesco Mento, Alessandro Mancuso, Nanda Vizzini,<\/b> dal dott. <b>Santo Trovato<\/b> e dai rappresentanti dell\u2019associazione Morgana <b>Francesca Musarra <\/b>e <b>Simone Totaro<\/b>, si \u00e8 basata su specifici parametri quali attinenza al tema, tecnica fotografica e taglio giornalistico.<\/span><\/p>\n<p class=\"p1\"><span class=\"s1\">La premiazione si svolger\u00e0 <b>mercoled\u00ec 8 maggio alle ore 18.30 <\/b>(ingresso libero) nell\u2019Aula Cannizzaro dell\u2019<b>Universit\u00e0 di Messina,<\/b> si aprir\u00e0 coi saluti del rettore <b>Salvatore Cuzzocrea <\/b>e<b> <\/b>sar\u00e0 presentata dal giornalista<b> Massimiliano Cavaleri<\/b>; tra gli ospiti il vincitore del Premio Vizzini 2018, <b>Carmelo Isgr\u00f2<\/b> e i fondatori della Scuola di fotografia Messina, <b>Anna Venuto <\/b>e <b>Pietro Cardile<\/b>.<b> <\/b>L\u2019evento, coordinato da <b>Mirko e Gaia Vizzini<\/b>, quest\u2019anno ricorre nel 10\u00b0 anniversario della scomparsa di Vizzini, e si terr\u00e0 nell\u2019ambito della \u201cPiazza dell\u2019arte\u201d, promossa dall\u2019associazione Morgana. Al Rettorato inoltre sar\u00e0 allestita la mostra &#8220;Messina com&#8217;era&#8221; con foto inedite di Vizzini.<\/span><\/p>\n","protected":false},"excerpt":{"rendered":"<p>Vince Palermo, o meglio una donna di spalle e due uomini che ammirano altrettante fontane monumentali incastonate nei palazzi del noto incrocio del centro storico del capoluogo siciliano &#8220;I Quattro Canti&#8221;: lo scatto, intitolato appunto &#8220;Due dei quattro&#8221; e firmato da Martina Polito, \u00e8 una celebrazione in bianco e nero della bellezza, della storia, dell&#8217;architettura, [&hellip;]<\/p>\n","protected":false},"author":2,"featured_media":32261,"comment_status":"closed","ping_status":"open","sticky":false,"template":"","format":"standard","meta":{"ub_ctt_via":"","_mi_skip_tracking":false},"categories":[16],"tags":[],"featured_image_src":"https:\/\/www.messinaoggi.it\/website\/wp-content\/uploads\/2019\/05\/Unknown.jpeg","author_info":{"display_name":"Redazione","author_link":"https:\/\/www.messinaoggi.it\/website\/author\/redazione\/"},"digistream_id":0,"digistream":false,"_links":{"self":[{"href":"https:\/\/www.messinaoggi.it\/website\/wp-json\/wp\/v2\/posts\/32260"}],"collection":[{"href":"https:\/\/www.messinaoggi.it\/website\/wp-json\/wp\/v2\/posts"}],"about":[{"href":"https:\/\/www.messinaoggi.it\/website\/wp-json\/wp\/v2\/types\/post"}],"author":[{"embeddable":true,"href":"https:\/\/www.messinaoggi.it\/website\/wp-json\/wp\/v2\/users\/2"}],"replies":[{"embeddable":true,"href":"https:\/\/www.messinaoggi.it\/website\/wp-json\/wp\/v2\/comments?post=32260"}],"version-history":[{"count":0,"href":"https:\/\/www.messinaoggi.it\/website\/wp-json\/wp\/v2\/posts\/32260\/revisions"}],"wp:featuredmedia":[{"embeddable":true,"href":"https:\/\/www.messinaoggi.it\/website\/wp-json\/wp\/v2\/media\/32261"}],"wp:attachment":[{"href":"https:\/\/www.messinaoggi.it\/website\/wp-json\/wp\/v2\/media?parent=32260"}],"wp:term":[{"taxonomy":"category","embeddable":true,"href":"https:\/\/www.messinaoggi.it\/website\/wp-json\/wp\/v2\/categories?post=32260"},{"taxonomy":"post_tag","embeddable":true,"href":"https:\/\/www.messinaoggi.it\/website\/wp-json\/wp\/v2\/tags?post=32260"}],"curies":[{"name":"wp","href":"https:\/\/api.w.org\/{rel}","templated":true}]}}