{"id":32247,"date":"2019-05-06T08:35:04","date_gmt":"2019-05-06T06:35:04","guid":{"rendered":"https:\/\/www.messinaoggi.it\/website\/?p=32247"},"modified":"2019-05-06T08:35:04","modified_gmt":"2019-05-06T06:35:04","slug":"cisl","status":"publish","type":"post","link":"https:\/\/www.messinaoggi.it\/website\/2019\/05\/06\/cisl\/","title":{"rendered":"Filca Cisl rilancia il tema del Ponte sullo Stretto di Messina"},"content":{"rendered":"<p>&#8220;Il blocco delle opere infrastrutturali che si registra in Sicilia, con le autostrade e le ferrovie inadeguate e collegamenti obsoleti, \u00e8 una vergogna inaccettabile in un paese civile. Cos\u00ec come \u00e8 intollerabile che, di fronte alla perenne diatriba sulla necessit\u00e0 di fare o non fare il ponte sullo Stretto, non si realizzino n\u00e9 le infrastrutture n\u00e9 lo stesso Ponte&#8221;.\u00c8 l&#8217;appello d&#8217;allarme lanciato dal segretario generale della Filca Cisl Sicilia, Paolo D&#8217;anca, e da quello di Messina,\u00a0Giuseppe Famiano, nel\u00a0corso del consiglio generale della Filca Cisl Messina, che si \u00e8 tenuto oggi, nella sede Cisl di Messina, al quale hanno partecipato anche il segretario nazionale della Filca Cisl, Ottavio De Luca e il segretario generale della U.S.T Cisl Messina, Tonino Genovese.<br \/>\n&#8220;\u00c8 una battaglia &#8211; continuano D&#8217;anca e Famiano &#8211; che con tutta la Cisl portiamo avanti ormai da anni, per questo ci auguriamo che le istituzioni si attivino per mettere fine alla annosa scelta tra &#8220;ponte si e ponte no&#8221;, che ha continuato a determinare soltanto l&#8217;isolamento della Sicilia, aumentando il gap con il resto del Paese&#8221;. &#8220;\u00c8 urgente- ha sottolineato Ottavio De Luca &#8211; che si provveda anche alla manutenzione straordinaria di tutti viadotti e che venga monitorato il territorio perch\u00e9 \u00e8 vergognoso che nel 2019 si muoia ancora a causa della pioggia, e proprio qui, nel messinese, purtroppo le stragi di vittime per le frane sono state parecchie&#8221;.<div id=\"div-gpt-ad-Messinaoggi.it-DSK-300x250-corpoart\" style=\"text-align:center;margin:0 auto;\"><\/div><\/p>\n<div id=\"videoincontent\" style=\"clear:both\";><\/div>","protected":false},"excerpt":{"rendered":"<p>&#8220;Il blocco delle opere infrastrutturali che si registra in Sicilia, con le autostrade e le ferrovie inadeguate e collegamenti obsoleti, \u00e8 una vergogna inaccettabile in un paese civile. Cos\u00ec come \u00e8 intollerabile che, di fronte alla perenne diatriba sulla necessit\u00e0 di fare o non fare il ponte sullo Stretto, non si realizzino n\u00e9 le infrastrutture [&hellip;]<\/p>\n","protected":false},"author":2,"featured_media":2256,"comment_status":"closed","ping_status":"open","sticky":false,"template":"","format":"standard","meta":{"ub_ctt_via":"","_mi_skip_tracking":false},"categories":[11],"tags":[],"featured_image_src":"https:\/\/www.messinaoggi.it\/website\/wp-content\/uploads\/2017\/06\/ponte-sullo-stretto-di-messina-2.jpg","author_info":{"display_name":"Redazione","author_link":"https:\/\/www.messinaoggi.it\/website\/author\/redazione\/"},"digistream_id":0,"digistream":false,"_links":{"self":[{"href":"https:\/\/www.messinaoggi.it\/website\/wp-json\/wp\/v2\/posts\/32247"}],"collection":[{"href":"https:\/\/www.messinaoggi.it\/website\/wp-json\/wp\/v2\/posts"}],"about":[{"href":"https:\/\/www.messinaoggi.it\/website\/wp-json\/wp\/v2\/types\/post"}],"author":[{"embeddable":true,"href":"https:\/\/www.messinaoggi.it\/website\/wp-json\/wp\/v2\/users\/2"}],"replies":[{"embeddable":true,"href":"https:\/\/www.messinaoggi.it\/website\/wp-json\/wp\/v2\/comments?post=32247"}],"version-history":[{"count":0,"href":"https:\/\/www.messinaoggi.it\/website\/wp-json\/wp\/v2\/posts\/32247\/revisions"}],"wp:featuredmedia":[{"embeddable":true,"href":"https:\/\/www.messinaoggi.it\/website\/wp-json\/wp\/v2\/media\/2256"}],"wp:attachment":[{"href":"https:\/\/www.messinaoggi.it\/website\/wp-json\/wp\/v2\/media?parent=32247"}],"wp:term":[{"taxonomy":"category","embeddable":true,"href":"https:\/\/www.messinaoggi.it\/website\/wp-json\/wp\/v2\/categories?post=32247"},{"taxonomy":"post_tag","embeddable":true,"href":"https:\/\/www.messinaoggi.it\/website\/wp-json\/wp\/v2\/tags?post=32247"}],"curies":[{"name":"wp","href":"https:\/\/api.w.org\/{rel}","templated":true}]}}